{"id":966,"date":"2020-09-01T12:10:52","date_gmt":"2020-09-01T10:10:52","guid":{"rendered":"https:\/\/www.komtu.org\/2020\/09\/21\/komtu-y-obrim-leducacio-acompanan-ocho-escuelas-de-alta-complejidad-en-la-mejora-del-bienestar-emocional-de-sus-comunidades-escolares\/"},"modified":"2020-09-21T12:12:01","modified_gmt":"2020-09-21T10:12:01","slug":"komtu-y-obrim-leducacio-acompanan-ocho-escuelas-de-alta-complejidad-en-la-mejora-del-bienestar-emocional-de-sus-comunidades-escolares","status":"publish","type":"post","link":"https:\/\/www.komtu.org\/es\/actualidad\/2020\/09\/01\/komtu-y-obrim-leducacio-acompanan-ocho-escuelas-de-alta-complejidad-en-la-mejora-del-bienestar-emocional-de-sus-comunidades-escolares\/","title":{"rendered":"Komt\u00fc y Obrim l\u2019Educaci\u00f3 acompa\u00f1an ocho escuelas de alta complejidad en la mejora del bienestar emocional de sus comunidades escolares"},"content":{"rendered":"<p>Ocho centros de educaci\u00f3n infantil y primaria participan en el proyecto piloto de acompa\u00f1amiento online creado en el marco del proyecto \u201c<a href=\"https:\/\/obrimeducacio.cat\/uploads\/docs\/b\/z\/e\/syr-agendamesures-educativescovid19_160420.pdf\">Obrim l\u2019educaci\u00f3: para un pa\u00eds de nuevas oportunidades<\/a>\u201d de la <a href=\"https:\/\/www.fbofill.cat\/\">Fundaci\u00f3n Jaume Bofill<\/a> con la colaboraci\u00f3n del <a href=\"https:\/\/www.youtube.com\/watch?v=bhw081Rnjd8\">programa Komt\u00fc<\/a>. Tras el cierre de colegios por el confinamiento por la pandemia del Covid19 y la incertidumbre generada, esta iniciativa nace con la voluntad de ofrecer apoyo y asesoramiento a los centros para implementar acciones y propuestas que favorezcan el acompa\u00f1amiento emocional a toda la comunidad escolar en el inicio del curso 2020\/21.<\/p>\n<p>A partir del <a href=\"https:\/\/obrimeducacio.cat\/noticies\/crida-pilot-acompanyament-emocional\">llamamiento conjunto<\/a> de Obrim l\u2019Educaci\u00f3 y Komt\u00fc del pasado mes de junio, se han seleccionado los ocho centros que recibir\u00e1n este apoyo online por parte del Equipo Komt\u00fc. \u201c<em>No ha sido un proceso f\u00e1cil, ya que todos los colegios han mostrado mucho entusiasmo y motivaci\u00f3n<\/em>\u201d, seg\u00fan Maribel de la Cerda, pedagoga y project manager del Programa Komt\u00fc.<\/p>\n<p>Las candidaturas se han ponderado en base a criterios objetivos relacionados con la diversidad en la distribuci\u00f3n geogr\u00e1fica, el n\u00famero de l\u00edneas por curso y la tipolog\u00eda de centro.<\/p>\n<p>Los colegios con los que el equipo Komt\u00fc ya est\u00e1 trabajando desde antes del inicio del curso escolar son:<\/p>\n<ul>\n<li><a href=\"https:\/\/agora.xtec.cat\/escmagraners\/\">Instituto Escuela Magraners<\/a> (Lleida)<\/li>\n<li><a href=\"https:\/\/agora.xtec.cat\/esc-itacabdn\/\">Escuela \u00cdtaca<\/a> (Badalona)<\/li>\n<li><a href=\"https:\/\/agora.xtec.cat\/iegornal\/\">Instituto Escuela Gornal<\/a> (l\u2019Hospitalet de Llobregat)<\/li>\n<li><a href=\"https:\/\/agora.xtec.cat\/escolagermanesbertomeu\/\">Escuela Germanes Bertomeu<\/a> (Matar\u00f3)<\/li>\n<li><a href=\"http:\/\/www.lasiniavic.cat\/\">Escola la S\u00ednia<\/a> (V\u00edc)<\/li>\n<li><a href=\"https:\/\/blocs.xtec.cat\/escolalafarga\/\">Escola la Farga<\/a> (Salt)<\/li>\n<li><a href=\"https:\/\/agora.xtec.cat\/ceipponent-granollers\/\">Escola Ponent<\/a> (Granollers)<\/li>\n<li><a href=\"https:\/\/agora.xtec.cat\/ceipangelaroca\/\">Escola \u00c0ngela Roca<\/a> (Viladecans)<\/li>\n<\/ul>\n<p><a href=\"https:\/\/obrimeducacio.cat\/noticies\/crida-pilot-acompanyament-emocional\">Obrim l\u2019educaci\u00f3<\/a> es la respuesta de la Fundaci\u00f3n Bofill contra las desigualdades educativas en \u00e9poca de coronavirus: hay que \u201cabrir la educaci\u00f3n\u201d para generar condiciones de posibilidad para todos. Este proyecto se propone que la crisis sanitaria que estamos viviendo no genere una crisis educativa. Para conseguir este prop\u00f3sito, se est\u00e1 creando un plan de choque compartido para conseguir una educaci\u00f3n construida en comunidad, una educaci\u00f3n enriquecida, abierta a nuevas oportunidades de aprendizaje, de cuidado, de bienestar y de colaboraci\u00f3n plena.<\/p>\n","protected":false},"excerpt":{"rendered":"<p>Ocho centros de educaci\u00f3n infantil y primaria participan en el proyecto piloto de acompa\u00f1amiento online creado en el marco del [&hellip;]<\/p>\n","protected":false},"author":1,"featured_media":910,"comment_status":"open","ping_status":"open","sticky":false,"template":"","format":"standard","meta":{"footnotes":""},"categories":[5],"tags":[],"class_list":["post-966","post","type-post","status-publish","format-standard","has-post-thumbnail","hentry","category-actualidad"],"yoast_head":"<!-- This site is optimized with the Yoast SEO plugin v27.4 - https:\/\/yoast.com\/product\/yoast-seo-wordpress\/ -->\n<title>Komt\u00fc y Obrim l\u2019Educaci\u00f3 acompa\u00f1an ocho escuelas de alta complejidad en la mejora del bienestar emocional de sus comunidades escolares - Komtu<\/title>\n<meta name=\"robots\" content=\"index, follow, max-snippet:-1, max-image-preview:large, max-video-preview:-1\" \/>\n<link rel=\"canonical\" href=\"https:\/\/www.komtu.org\/es\/actualidad\/2020\/09\/01\/komtu-y-obrim-leducacio-acompanan-ocho-escuelas-de-alta-complejidad-en-la-mejora-del-bienestar-emocional-de-sus-comunidades-escolares\/\" \/>\n<meta property=\"og:locale\" content=\"es_ES\" \/>\n<meta property=\"og:type\" content=\"article\" \/>\n<meta property=\"og:title\" content=\"Komt\u00fc y Obrim l\u2019Educaci\u00f3 acompa\u00f1an ocho escuelas de alta complejidad en la mejora del bienestar emocional de sus comunidades escolares - Komtu\" \/>\n<meta property=\"og:description\" content=\"Ocho centros de educaci\u00f3n infantil y primaria participan en el proyecto piloto de acompa\u00f1amiento online creado en el marco del [&hellip;]\" \/>\n<meta property=\"og:url\" content=\"https:\/\/www.komtu.org\/es\/actualidad\/2020\/09\/01\/komtu-y-obrim-leducacio-acompanan-ocho-escuelas-de-alta-complejidad-en-la-mejora-del-bienestar-emocional-de-sus-comunidades-escolares\/\" \/>\n<meta property=\"og:site_name\" content=\"Komtu\" \/>\n<meta property=\"article:published_time\" content=\"2020-09-01T10:10:52+00:00\" \/>\n<meta property=\"article:modified_time\" content=\"2020-09-21T10:12:01+00:00\" \/>\n<meta property=\"og:image\" content=\"https:\/\/www.komtu.org\/wp-content\/uploads\/sites\/3\/2020\/05\/RDA_4268-1.jpg\" \/>\n\t<meta property=\"og:image:width\" content=\"2500\" \/>\n\t<meta property=\"og:image:height\" content=\"1667\" \/>\n\t<meta property=\"og:image:type\" content=\"image\/jpeg\" \/>\n<meta name=\"author\" content=\"nous_admin\" \/>\n<meta name=\"twitter:card\" content=\"summary_large_image\" \/>\n<meta name=\"twitter:label1\" content=\"Escrito por\" \/>\n\t<meta name=\"twitter:data1\" content=\"nous_admin\" \/>\n\t<meta name=\"twitter:label2\" content=\"Tiempo de lectura\" \/>\n\t<meta name=\"twitter:data2\" content=\"2 minutos\" \/>\n<script type=\"application\/ld+json\" class=\"yoast-schema-graph\">{\"@context\":\"https:\\\/\\\/schema.org\",\"@graph\":[{\"@type\":\"Article\",\"@id\":\"https:\\\/\\\/www.komtu.org\\\/es\\\/actualidad\\\/2020\\\/09\\\/01\\\/komtu-y-obrim-leducacio-acompanan-ocho-escuelas-de-alta-complejidad-en-la-mejora-del-bienestar-emocional-de-sus-comunidades-escolares\\\/#article\",\"isPartOf\":{\"@id\":\"https:\\\/\\\/www.komtu.org\\\/es\\\/actualidad\\\/2020\\\/09\\\/01\\\/komtu-y-obrim-leducacio-acompanan-ocho-escuelas-de-alta-complejidad-en-la-mejora-del-bienestar-emocional-de-sus-comunidades-escolares\\\/\"},\"author\":{\"name\":\"nous_admin\",\"@id\":\"https:\\\/\\\/www.komtu.org\\\/es\\\/#\\\/schema\\\/person\\\/98bca0bd4f2210a80be68817b89f5d33\"},\"headline\":\"Komt\u00fc y Obrim l\u2019Educaci\u00f3 acompa\u00f1an ocho escuelas de alta complejidad en la mejora del bienestar emocional de sus comunidades escolares\",\"datePublished\":\"2020-09-01T10:10:52+00:00\",\"dateModified\":\"2020-09-21T10:12:01+00:00\",\"mainEntityOfPage\":{\"@id\":\"https:\\\/\\\/www.komtu.org\\\/es\\\/actualidad\\\/2020\\\/09\\\/01\\\/komtu-y-obrim-leducacio-acompanan-ocho-escuelas-de-alta-complejidad-en-la-mejora-del-bienestar-emocional-de-sus-comunidades-escolares\\\/\"},\"wordCount\":361,\"commentCount\":0,\"image\":{\"@id\":\"https:\\\/\\\/www.komtu.org\\\/es\\\/actualidad\\\/2020\\\/09\\\/01\\\/komtu-y-obrim-leducacio-acompanan-ocho-escuelas-de-alta-complejidad-en-la-mejora-del-bienestar-emocional-de-sus-comunidades-escolares\\\/#primaryimage\"},\"thumbnailUrl\":\"https:\\\/\\\/www.komtu.org\\\/wp-content\\\/uploads\\\/sites\\\/3\\\/2020\\\/05\\\/RDA_4268-1.jpg\",\"articleSection\":[\"Actualidad\"],\"inLanguage\":\"es\",\"potentialAction\":[{\"@type\":\"CommentAction\",\"name\":\"Comment\",\"target\":[\"https:\\\/\\\/www.komtu.org\\\/es\\\/actualidad\\\/2020\\\/09\\\/01\\\/komtu-y-obrim-leducacio-acompanan-ocho-escuelas-de-alta-complejidad-en-la-mejora-del-bienestar-emocional-de-sus-comunidades-escolares\\\/#respond\"]}]},{\"@type\":\"WebPage\",\"@id\":\"https:\\\/\\\/www.komtu.org\\\/es\\\/actualidad\\\/2020\\\/09\\\/01\\\/komtu-y-obrim-leducacio-acompanan-ocho-escuelas-de-alta-complejidad-en-la-mejora-del-bienestar-emocional-de-sus-comunidades-escolares\\\/\",\"url\":\"https:\\\/\\\/www.komtu.org\\\/es\\\/actualidad\\\/2020\\\/09\\\/01\\\/komtu-y-obrim-leducacio-acompanan-ocho-escuelas-de-alta-complejidad-en-la-mejora-del-bienestar-emocional-de-sus-comunidades-escolares\\\/\",\"name\":\"Komt\u00fc y Obrim l\u2019Educaci\u00f3 acompa\u00f1an ocho escuelas de alta complejidad en la mejora del bienestar emocional de sus comunidades escolares - Komtu\",\"isPartOf\":{\"@id\":\"https:\\\/\\\/www.komtu.org\\\/es\\\/#website\"},\"primaryImageOfPage\":{\"@id\":\"https:\\\/\\\/www.komtu.org\\\/es\\\/actualidad\\\/2020\\\/09\\\/01\\\/komtu-y-obrim-leducacio-acompanan-ocho-escuelas-de-alta-complejidad-en-la-mejora-del-bienestar-emocional-de-sus-comunidades-escolares\\\/#primaryimage\"},\"image\":{\"@id\":\"https:\\\/\\\/www.komtu.org\\\/es\\\/actualidad\\\/2020\\\/09\\\/01\\\/komtu-y-obrim-leducacio-acompanan-ocho-escuelas-de-alta-complejidad-en-la-mejora-del-bienestar-emocional-de-sus-comunidades-escolares\\\/#primaryimage\"},\"thumbnailUrl\":\"https:\\\/\\\/www.komtu.org\\\/wp-content\\\/uploads\\\/sites\\\/3\\\/2020\\\/05\\\/RDA_4268-1.jpg\",\"datePublished\":\"2020-09-01T10:10:52+00:00\",\"dateModified\":\"2020-09-21T10:12:01+00:00\",\"author\":{\"@id\":\"https:\\\/\\\/www.komtu.org\\\/es\\\/#\\\/schema\\\/person\\\/98bca0bd4f2210a80be68817b89f5d33\"},\"breadcrumb\":{\"@id\":\"https:\\\/\\\/www.komtu.org\\\/es\\\/actualidad\\\/2020\\\/09\\\/01\\\/komtu-y-obrim-leducacio-acompanan-ocho-escuelas-de-alta-complejidad-en-la-mejora-del-bienestar-emocional-de-sus-comunidades-escolares\\\/#breadcrumb\"},\"inLanguage\":\"es\",\"potentialAction\":[{\"@type\":\"ReadAction\",\"target\":[\"https:\\\/\\\/www.komtu.org\\\/es\\\/actualidad\\\/2020\\\/09\\\/01\\\/komtu-y-obrim-leducacio-acompanan-ocho-escuelas-de-alta-complejidad-en-la-mejora-del-bienestar-emocional-de-sus-comunidades-escolares\\\/\"]}]},{\"@type\":\"ImageObject\",\"inLanguage\":\"es\",\"@id\":\"https:\\\/\\\/www.komtu.org\\\/es\\\/actualidad\\\/2020\\\/09\\\/01\\\/komtu-y-obrim-leducacio-acompanan-ocho-escuelas-de-alta-complejidad-en-la-mejora-del-bienestar-emocional-de-sus-comunidades-escolares\\\/#primaryimage\",\"url\":\"https:\\\/\\\/www.komtu.org\\\/wp-content\\\/uploads\\\/sites\\\/3\\\/2020\\\/05\\\/RDA_4268-1.jpg\",\"contentUrl\":\"https:\\\/\\\/www.komtu.org\\\/wp-content\\\/uploads\\\/sites\\\/3\\\/2020\\\/05\\\/RDA_4268-1.jpg\",\"width\":2500,\"height\":1667},{\"@type\":\"BreadcrumbList\",\"@id\":\"https:\\\/\\\/www.komtu.org\\\/es\\\/actualidad\\\/2020\\\/09\\\/01\\\/komtu-y-obrim-leducacio-acompanan-ocho-escuelas-de-alta-complejidad-en-la-mejora-del-bienestar-emocional-de-sus-comunidades-escolares\\\/#breadcrumb\",\"itemListElement\":[{\"@type\":\"ListItem\",\"position\":1,\"name\":\"Portada\",\"item\":\"https:\\\/\\\/www.komtu.org\\\/es\\\/\"},{\"@type\":\"ListItem\",\"position\":2,\"name\":\"Komt\u00fc y Obrim l\u2019Educaci\u00f3 acompa\u00f1an ocho escuelas de alta complejidad en la mejora del bienestar emocional de sus comunidades escolares\"}]},{\"@type\":\"WebSite\",\"@id\":\"https:\\\/\\\/www.komtu.org\\\/es\\\/#website\",\"url\":\"https:\\\/\\\/www.komtu.org\\\/es\\\/\",\"name\":\"Komtu\",\"description\":\"Otro sitio m\u00e1s de Nous Cims sitios\",\"potentialAction\":[{\"@type\":\"SearchAction\",\"target\":{\"@type\":\"EntryPoint\",\"urlTemplate\":\"https:\\\/\\\/www.komtu.org\\\/es\\\/?s={search_term_string}\"},\"query-input\":{\"@type\":\"PropertyValueSpecification\",\"valueRequired\":true,\"valueName\":\"search_term_string\"}}],\"inLanguage\":\"es\"},{\"@type\":\"Person\",\"@id\":\"https:\\\/\\\/www.komtu.org\\\/es\\\/#\\\/schema\\\/person\\\/98bca0bd4f2210a80be68817b89f5d33\",\"name\":\"nous_admin\",\"image\":{\"@type\":\"ImageObject\",\"inLanguage\":\"es\",\"@id\":\"https:\\\/\\\/secure.gravatar.com\\\/avatar\\\/7b0df6bab50c1a7b72afa5353b411cf571c19c3f0c19733e684b0ef25d0b347e?s=96&d=mm&r=g\",\"url\":\"https:\\\/\\\/secure.gravatar.com\\\/avatar\\\/7b0df6bab50c1a7b72afa5353b411cf571c19c3f0c19733e684b0ef25d0b347e?s=96&d=mm&r=g\",\"contentUrl\":\"https:\\\/\\\/secure.gravatar.com\\\/avatar\\\/7b0df6bab50c1a7b72afa5353b411cf571c19c3f0c19733e684b0ef25d0b347e?s=96&d=mm&r=g\",\"caption\":\"nous_admin\"},\"url\":\"https:\\\/\\\/www.komtu.org\\\/es\\\/author\\\/nous_admin\\\/\"}]}<\/script>\n<!-- \/ Yoast SEO plugin. -->","yoast_head_json":{"title":"Komt\u00fc y Obrim l\u2019Educaci\u00f3 acompa\u00f1an ocho escuelas de alta complejidad en la mejora del bienestar emocional de sus comunidades escolares - Komtu","robots":{"index":"index","follow":"follow","max-snippet":"max-snippet:-1","max-image-preview":"max-image-preview:large","max-video-preview":"max-video-preview:-1"},"canonical":"https:\/\/www.komtu.org\/es\/actualidad\/2020\/09\/01\/komtu-y-obrim-leducacio-acompanan-ocho-escuelas-de-alta-complejidad-en-la-mejora-del-bienestar-emocional-de-sus-comunidades-escolares\/","og_locale":"es_ES","og_type":"article","og_title":"Komt\u00fc y Obrim l\u2019Educaci\u00f3 acompa\u00f1an ocho escuelas de alta complejidad en la mejora del bienestar emocional de sus comunidades escolares - Komtu","og_description":"Ocho centros de educaci\u00f3n infantil y primaria participan en el proyecto piloto de acompa\u00f1amiento online creado en el marco del [&hellip;]","og_url":"https:\/\/www.komtu.org\/es\/actualidad\/2020\/09\/01\/komtu-y-obrim-leducacio-acompanan-ocho-escuelas-de-alta-complejidad-en-la-mejora-del-bienestar-emocional-de-sus-comunidades-escolares\/","og_site_name":"Komtu","article_published_time":"2020-09-01T10:10:52+00:00","article_modified_time":"2020-09-21T10:12:01+00:00","og_image":[{"width":2500,"height":1667,"url":"https:\/\/www.komtu.org\/wp-content\/uploads\/sites\/3\/2020\/05\/RDA_4268-1.jpg","type":"image\/jpeg"}],"author":"nous_admin","twitter_card":"summary_large_image","twitter_misc":{"Escrito por":"nous_admin","Tiempo de lectura":"2 minutos"},"schema":{"@context":"https:\/\/schema.org","@graph":[{"@type":"Article","@id":"https:\/\/www.komtu.org\/es\/actualidad\/2020\/09\/01\/komtu-y-obrim-leducacio-acompanan-ocho-escuelas-de-alta-complejidad-en-la-mejora-del-bienestar-emocional-de-sus-comunidades-escolares\/#article","isPartOf":{"@id":"https:\/\/www.komtu.org\/es\/actualidad\/2020\/09\/01\/komtu-y-obrim-leducacio-acompanan-ocho-escuelas-de-alta-complejidad-en-la-mejora-del-bienestar-emocional-de-sus-comunidades-escolares\/"},"author":{"name":"nous_admin","@id":"https:\/\/www.komtu.org\/es\/#\/schema\/person\/98bca0bd4f2210a80be68817b89f5d33"},"headline":"Komt\u00fc y Obrim l\u2019Educaci\u00f3 acompa\u00f1an ocho escuelas de alta complejidad en la mejora del bienestar emocional de sus comunidades escolares","datePublished":"2020-09-01T10:10:52+00:00","dateModified":"2020-09-21T10:12:01+00:00","mainEntityOfPage":{"@id":"https:\/\/www.komtu.org\/es\/actualidad\/2020\/09\/01\/komtu-y-obrim-leducacio-acompanan-ocho-escuelas-de-alta-complejidad-en-la-mejora-del-bienestar-emocional-de-sus-comunidades-escolares\/"},"wordCount":361,"commentCount":0,"image":{"@id":"https:\/\/www.komtu.org\/es\/actualidad\/2020\/09\/01\/komtu-y-obrim-leducacio-acompanan-ocho-escuelas-de-alta-complejidad-en-la-mejora-del-bienestar-emocional-de-sus-comunidades-escolares\/#primaryimage"},"thumbnailUrl":"https:\/\/www.komtu.org\/wp-content\/uploads\/sites\/3\/2020\/05\/RDA_4268-1.jpg","articleSection":["Actualidad"],"inLanguage":"es","potentialAction":[{"@type":"CommentAction","name":"Comment","target":["https:\/\/www.komtu.org\/es\/actualidad\/2020\/09\/01\/komtu-y-obrim-leducacio-acompanan-ocho-escuelas-de-alta-complejidad-en-la-mejora-del-bienestar-emocional-de-sus-comunidades-escolares\/#respond"]}]},{"@type":"WebPage","@id":"https:\/\/www.komtu.org\/es\/actualidad\/2020\/09\/01\/komtu-y-obrim-leducacio-acompanan-ocho-escuelas-de-alta-complejidad-en-la-mejora-del-bienestar-emocional-de-sus-comunidades-escolares\/","url":"https:\/\/www.komtu.org\/es\/actualidad\/2020\/09\/01\/komtu-y-obrim-leducacio-acompanan-ocho-escuelas-de-alta-complejidad-en-la-mejora-del-bienestar-emocional-de-sus-comunidades-escolares\/","name":"Komt\u00fc y Obrim l\u2019Educaci\u00f3 acompa\u00f1an ocho escuelas de alta complejidad en la mejora del bienestar emocional de sus comunidades escolares - Komtu","isPartOf":{"@id":"https:\/\/www.komtu.org\/es\/#website"},"primaryImageOfPage":{"@id":"https:\/\/www.komtu.org\/es\/actualidad\/2020\/09\/01\/komtu-y-obrim-leducacio-acompanan-ocho-escuelas-de-alta-complejidad-en-la-mejora-del-bienestar-emocional-de-sus-comunidades-escolares\/#primaryimage"},"image":{"@id":"https:\/\/www.komtu.org\/es\/actualidad\/2020\/09\/01\/komtu-y-obrim-leducacio-acompanan-ocho-escuelas-de-alta-complejidad-en-la-mejora-del-bienestar-emocional-de-sus-comunidades-escolares\/#primaryimage"},"thumbnailUrl":"https:\/\/www.komtu.org\/wp-content\/uploads\/sites\/3\/2020\/05\/RDA_4268-1.jpg","datePublished":"2020-09-01T10:10:52+00:00","dateModified":"2020-09-21T10:12:01+00:00","author":{"@id":"https:\/\/www.komtu.org\/es\/#\/schema\/person\/98bca0bd4f2210a80be68817b89f5d33"},"breadcrumb":{"@id":"https:\/\/www.komtu.org\/es\/actualidad\/2020\/09\/01\/komtu-y-obrim-leducacio-acompanan-ocho-escuelas-de-alta-complejidad-en-la-mejora-del-bienestar-emocional-de-sus-comunidades-escolares\/#breadcrumb"},"inLanguage":"es","potentialAction":[{"@type":"ReadAction","target":["https:\/\/www.komtu.org\/es\/actualidad\/2020\/09\/01\/komtu-y-obrim-leducacio-acompanan-ocho-escuelas-de-alta-complejidad-en-la-mejora-del-bienestar-emocional-de-sus-comunidades-escolares\/"]}]},{"@type":"ImageObject","inLanguage":"es","@id":"https:\/\/www.komtu.org\/es\/actualidad\/2020\/09\/01\/komtu-y-obrim-leducacio-acompanan-ocho-escuelas-de-alta-complejidad-en-la-mejora-del-bienestar-emocional-de-sus-comunidades-escolares\/#primaryimage","url":"https:\/\/www.komtu.org\/wp-content\/uploads\/sites\/3\/2020\/05\/RDA_4268-1.jpg","contentUrl":"https:\/\/www.komtu.org\/wp-content\/uploads\/sites\/3\/2020\/05\/RDA_4268-1.jpg","width":2500,"height":1667},{"@type":"BreadcrumbList","@id":"https:\/\/www.komtu.org\/es\/actualidad\/2020\/09\/01\/komtu-y-obrim-leducacio-acompanan-ocho-escuelas-de-alta-complejidad-en-la-mejora-del-bienestar-emocional-de-sus-comunidades-escolares\/#breadcrumb","itemListElement":[{"@type":"ListItem","position":1,"name":"Portada","item":"https:\/\/www.komtu.org\/es\/"},{"@type":"ListItem","position":2,"name":"Komt\u00fc y Obrim l\u2019Educaci\u00f3 acompa\u00f1an ocho escuelas de alta complejidad en la mejora del bienestar emocional de sus comunidades escolares"}]},{"@type":"WebSite","@id":"https:\/\/www.komtu.org\/es\/#website","url":"https:\/\/www.komtu.org\/es\/","name":"Komtu","description":"Otro sitio m\u00e1s de Nous Cims sitios","potentialAction":[{"@type":"SearchAction","target":{"@type":"EntryPoint","urlTemplate":"https:\/\/www.komtu.org\/es\/?s={search_term_string}"},"query-input":{"@type":"PropertyValueSpecification","valueRequired":true,"valueName":"search_term_string"}}],"inLanguage":"es"},{"@type":"Person","@id":"https:\/\/www.komtu.org\/es\/#\/schema\/person\/98bca0bd4f2210a80be68817b89f5d33","name":"nous_admin","image":{"@type":"ImageObject","inLanguage":"es","@id":"https:\/\/secure.gravatar.com\/avatar\/7b0df6bab50c1a7b72afa5353b411cf571c19c3f0c19733e684b0ef25d0b347e?s=96&d=mm&r=g","url":"https:\/\/secure.gravatar.com\/avatar\/7b0df6bab50c1a7b72afa5353b411cf571c19c3f0c19733e684b0ef25d0b347e?s=96&d=mm&r=g","contentUrl":"https:\/\/secure.gravatar.com\/avatar\/7b0df6bab50c1a7b72afa5353b411cf571c19c3f0c19733e684b0ef25d0b347e?s=96&d=mm&r=g","caption":"nous_admin"},"url":"https:\/\/www.komtu.org\/es\/author\/nous_admin\/"}]}},"_links":{"self":[{"href":"https:\/\/www.komtu.org\/es\/wp-json\/wp\/v2\/posts\/966","targetHints":{"allow":["GET"]}}],"collection":[{"href":"https:\/\/www.komtu.org\/es\/wp-json\/wp\/v2\/posts"}],"about":[{"href":"https:\/\/www.komtu.org\/es\/wp-json\/wp\/v2\/types\/post"}],"author":[{"embeddable":true,"href":"https:\/\/www.komtu.org\/es\/wp-json\/wp\/v2\/users\/1"}],"replies":[{"embeddable":true,"href":"https:\/\/www.komtu.org\/es\/wp-json\/wp\/v2\/comments?post=966"}],"version-history":[{"count":1,"href":"https:\/\/www.komtu.org\/es\/wp-json\/wp\/v2\/posts\/966\/revisions"}],"predecessor-version":[{"id":967,"href":"https:\/\/www.komtu.org\/es\/wp-json\/wp\/v2\/posts\/966\/revisions\/967"}],"wp:featuredmedia":[{"embeddable":true,"href":"https:\/\/www.komtu.org\/es\/wp-json\/wp\/v2\/media\/910"}],"wp:attachment":[{"href":"https:\/\/www.komtu.org\/es\/wp-json\/wp\/v2\/media?parent=966"}],"wp:term":[{"taxonomy":"category","embeddable":true,"href":"https:\/\/www.komtu.org\/es\/wp-json\/wp\/v2\/categories?post=966"},{"taxonomy":"post_tag","embeddable":true,"href":"https:\/\/www.komtu.org\/es\/wp-json\/wp\/v2\/tags?post=966"}],"curies":[{"name":"wp","href":"https:\/\/api.w.org\/{rel}","templated":true}]}}