{"id":965,"date":"2020-09-03T12:09:57","date_gmt":"2020-09-03T10:09:57","guid":{"rendered":"https:\/\/www.komtu.org\/2020\/09\/21\/komtu-y-la-fundacion-jov-elaboran-una-guia-con-ideas-para-la-acogida-y-el-acompanamiento-emocional-a-la-comunidad-escolar\/"},"modified":"2020-09-21T12:12:10","modified_gmt":"2020-09-21T10:12:10","slug":"komtu-y-la-fundacion-jov-elaboran-una-guia-con-ideas-para-la-acogida-y-el-acompanamiento-emocional-a-la-comunidad-escolar","status":"publish","type":"post","link":"https:\/\/www.komtu.org\/es\/actualidad\/2020\/09\/03\/komtu-y-la-fundacion-jov-elaboran-una-guia-con-ideas-para-la-acogida-y-el-acompanamiento-emocional-a-la-comunidad-escolar\/","title":{"rendered":"Komt\u00fc y la Fundaci\u00f3n JOV elaboran una gu\u00eda con ideas para la acogida y el acompa\u00f1amiento emocional a la comunidad escolar"},"content":{"rendered":"<p>Con el inicio del curso escolar 2020-21, marcado por la incertidumbre por la evoluci\u00f3n de la pandemia de la Covid-19, los equipos expertos del Programa Komt\u00fc y la Fundaci\u00f3n JOV han elaborado conjuntamente una gu\u00eda para el acompa\u00f1amiento emocional de todos los miembros de la comunidad escolar: el equipo de profesionales, las familias y los ni\u00f1os y ni\u00f1as. Este material aporta ideas, reflexiones y recursos en torno a cinco ejes clave: el reencuentro y la acogida; la detecci\u00f3n de necesidades; el sentimiento de pertenencia; la protecci\u00f3n y la seguridad y, por \u00faltimo, la proyecci\u00f3n y el futuro.<\/p>\n<p>El documento \u201cUn inicio de curso especial: Ideas para la acogida y el acompa\u00f1amiento emocional a la comunidad escolar\u201d es fruto de varias sesiones de trabajo que se han llevado a cabo durante los \u00faltimos meses y se dirige en especial a los docentes de escuelas de educaci\u00f3n infantil y primaria, aunque puede resultar de inter\u00e9s a los equipos de secundaria.<\/p>\n<p>Seg\u00fan los especialistas en educaci\u00f3n, psicolog\u00eda y pedagog\u00eda que han participado en su redacci\u00f3n, \u201cuna buena acogida y acompa\u00f1amiento a los centros escolares empieza por ofrecer espacios de autocura y bienestar emocional a los mismos profesionales de los colegios\u201d.<\/p>\n<p style=\"text-align: center;\"><strong><a href=\"https:\/\/www.komtu.org\/wp-content\/uploads\/sites\/3\/2020\/06\/Guia-acollida-i-acompanyament-emocional-escoles-komtu-i-fundacio-jov-2.pdf\" target=\"_blank\" rel=\"noopener noreferrer\"><img decoding=\"async\" class=\"aligncenter size-medium wp-image-901\" src=\"https:\/\/www.komtu.org\/wp-content\/uploads\/sites\/3\/2020\/06\/portada-guia-244x300.png\" alt=\"\" width=\"244\" height=\"300\" srcset=\"https:\/\/www.komtu.org\/wp-content\/uploads\/sites\/3\/2020\/06\/portada-guia-244x300.png 244w, https:\/\/www.komtu.org\/wp-content\/uploads\/sites\/3\/2020\/06\/portada-guia.png 710w\" sizes=\"(max-width: 244px) 100vw, 244px\" \/><\/a><a href=\"https:\/\/www.komtu.org\/wp-content\/uploads\/sites\/3\/2020\/06\/Guia-acollida-i-acompanyament-emocional-escoles-komtu-i-fundacio-jov-2.pdf\" target=\"_blank\" rel=\"noopener noreferrer\">Desc\u00e1rgatelo aqu\u00ed<\/a><\/strong><\/p>\n<p>\u201cHay que encontrar tiempo y espacios para que todos puedan expresar, comunicar y compartir lo que han vivido y sentido durante este tiempo\u201d, se\u00f1ala la gu\u00eda que Komt\u00fc y la Fundaci\u00f3n JOV acaban de publicar. A\u00f1ade que \u201cse debe entender el inicio del curso escolar como un momento de reencuentro y de acogida, promoviendo y facilitando pr\u00e1cticas que permitan sanar y reparar los posibles malestares emocionales\u201d.<\/p>\n<p>Las coordinadoras de la redacci\u00f3n de este documento, Maribel de la Cerda e Irene Vergara, explican que su voluntad \u201ces que resulte de utilidad y de ayuda a los centros educativos en esta vuelta al colegio en un momento tan incierto como complejo\u201d.<\/p>\n","protected":false},"excerpt":{"rendered":"<p>Con el inicio del curso escolar 2020-21, marcado por la incertidumbre por la evoluci\u00f3n de la pandemia de la Covid-19, [&hellip;]<\/p>\n","protected":false},"author":1,"featured_media":906,"comment_status":"open","ping_status":"open","sticky":false,"template":"","format":"standard","meta":{"footnotes":""},"categories":[5],"tags":[],"class_list":["post-965","post","type-post","status-publish","format-standard","has-post-thumbnail","hentry","category-actualidad"],"yoast_head":"<!-- This site is optimized with the Yoast SEO plugin v27.4 - https:\/\/yoast.com\/product\/yoast-seo-wordpress\/ -->\n<title>Komt\u00fc y la Fundaci\u00f3n JOV elaboran una gu\u00eda con ideas para la acogida y el acompa\u00f1amiento emocional a la comunidad escolar - Komtu<\/title>\n<meta name=\"robots\" content=\"index, follow, max-snippet:-1, max-image-preview:large, max-video-preview:-1\" \/>\n<link rel=\"canonical\" href=\"https:\/\/www.komtu.org\/es\/actualidad\/2020\/09\/03\/komtu-y-la-fundacion-jov-elaboran-una-guia-con-ideas-para-la-acogida-y-el-acompanamiento-emocional-a-la-comunidad-escolar\/\" \/>\n<meta property=\"og:locale\" content=\"es_ES\" \/>\n<meta property=\"og:type\" content=\"article\" \/>\n<meta property=\"og:title\" content=\"Komt\u00fc y la Fundaci\u00f3n JOV elaboran una gu\u00eda con ideas para la acogida y el acompa\u00f1amiento emocional a la comunidad escolar - Komtu\" \/>\n<meta property=\"og:description\" content=\"Con el inicio del curso escolar 2020-21, marcado por la incertidumbre por la evoluci\u00f3n de la pandemia de la Covid-19, [&hellip;]\" \/>\n<meta property=\"og:url\" content=\"https:\/\/www.komtu.org\/es\/actualidad\/2020\/09\/03\/komtu-y-la-fundacion-jov-elaboran-una-guia-con-ideas-para-la-acogida-y-el-acompanamiento-emocional-a-la-comunidad-escolar\/\" \/>\n<meta property=\"og:site_name\" content=\"Komtu\" \/>\n<meta property=\"article:published_time\" content=\"2020-09-03T10:09:57+00:00\" \/>\n<meta property=\"article:modified_time\" content=\"2020-09-21T10:12:10+00:00\" \/>\n<meta property=\"og:image\" content=\"https:\/\/www.komtu.org\/wp-content\/uploads\/sites\/3\/2020\/06\/1703999134-huge.jpg\" \/>\n\t<meta property=\"og:image:width\" content=\"2560\" \/>\n\t<meta property=\"og:image:height\" content=\"1707\" \/>\n\t<meta property=\"og:image:type\" content=\"image\/jpeg\" \/>\n<meta name=\"author\" content=\"nous_admin\" \/>\n<meta name=\"twitter:card\" content=\"summary_large_image\" \/>\n<meta name=\"twitter:label1\" content=\"Escrito por\" \/>\n\t<meta name=\"twitter:data1\" content=\"nous_admin\" \/>\n\t<meta name=\"twitter:label2\" content=\"Tiempo de lectura\" \/>\n\t<meta name=\"twitter:data2\" content=\"2 minutos\" \/>\n<script type=\"application\/ld+json\" class=\"yoast-schema-graph\">{\"@context\":\"https:\\\/\\\/schema.org\",\"@graph\":[{\"@type\":\"Article\",\"@id\":\"https:\\\/\\\/www.komtu.org\\\/es\\\/actualidad\\\/2020\\\/09\\\/03\\\/komtu-y-la-fundacion-jov-elaboran-una-guia-con-ideas-para-la-acogida-y-el-acompanamiento-emocional-a-la-comunidad-escolar\\\/#article\",\"isPartOf\":{\"@id\":\"https:\\\/\\\/www.komtu.org\\\/es\\\/actualidad\\\/2020\\\/09\\\/03\\\/komtu-y-la-fundacion-jov-elaboran-una-guia-con-ideas-para-la-acogida-y-el-acompanamiento-emocional-a-la-comunidad-escolar\\\/\"},\"author\":{\"name\":\"nous_admin\",\"@id\":\"https:\\\/\\\/www.komtu.org\\\/es\\\/#\\\/schema\\\/person\\\/98bca0bd4f2210a80be68817b89f5d33\"},\"headline\":\"Komt\u00fc y la Fundaci\u00f3n JOV elaboran una gu\u00eda con ideas para la acogida y el acompa\u00f1amiento emocional a la comunidad escolar\",\"datePublished\":\"2020-09-03T10:09:57+00:00\",\"dateModified\":\"2020-09-21T10:12:10+00:00\",\"mainEntityOfPage\":{\"@id\":\"https:\\\/\\\/www.komtu.org\\\/es\\\/actualidad\\\/2020\\\/09\\\/03\\\/komtu-y-la-fundacion-jov-elaboran-una-guia-con-ideas-para-la-acogida-y-el-acompanamiento-emocional-a-la-comunidad-escolar\\\/\"},\"wordCount\":357,\"commentCount\":0,\"image\":{\"@id\":\"https:\\\/\\\/www.komtu.org\\\/es\\\/actualidad\\\/2020\\\/09\\\/03\\\/komtu-y-la-fundacion-jov-elaboran-una-guia-con-ideas-para-la-acogida-y-el-acompanamiento-emocional-a-la-comunidad-escolar\\\/#primaryimage\"},\"thumbnailUrl\":\"https:\\\/\\\/www.komtu.org\\\/wp-content\\\/uploads\\\/sites\\\/3\\\/2020\\\/06\\\/1703999134-huge.jpg\",\"articleSection\":[\"Actualidad\"],\"inLanguage\":\"es\",\"potentialAction\":[{\"@type\":\"CommentAction\",\"name\":\"Comment\",\"target\":[\"https:\\\/\\\/www.komtu.org\\\/es\\\/actualidad\\\/2020\\\/09\\\/03\\\/komtu-y-la-fundacion-jov-elaboran-una-guia-con-ideas-para-la-acogida-y-el-acompanamiento-emocional-a-la-comunidad-escolar\\\/#respond\"]}]},{\"@type\":\"WebPage\",\"@id\":\"https:\\\/\\\/www.komtu.org\\\/es\\\/actualidad\\\/2020\\\/09\\\/03\\\/komtu-y-la-fundacion-jov-elaboran-una-guia-con-ideas-para-la-acogida-y-el-acompanamiento-emocional-a-la-comunidad-escolar\\\/\",\"url\":\"https:\\\/\\\/www.komtu.org\\\/es\\\/actualidad\\\/2020\\\/09\\\/03\\\/komtu-y-la-fundacion-jov-elaboran-una-guia-con-ideas-para-la-acogida-y-el-acompanamiento-emocional-a-la-comunidad-escolar\\\/\",\"name\":\"Komt\u00fc y la Fundaci\u00f3n JOV elaboran una gu\u00eda con ideas para la acogida y el acompa\u00f1amiento emocional a la comunidad escolar - Komtu\",\"isPartOf\":{\"@id\":\"https:\\\/\\\/www.komtu.org\\\/es\\\/#website\"},\"primaryImageOfPage\":{\"@id\":\"https:\\\/\\\/www.komtu.org\\\/es\\\/actualidad\\\/2020\\\/09\\\/03\\\/komtu-y-la-fundacion-jov-elaboran-una-guia-con-ideas-para-la-acogida-y-el-acompanamiento-emocional-a-la-comunidad-escolar\\\/#primaryimage\"},\"image\":{\"@id\":\"https:\\\/\\\/www.komtu.org\\\/es\\\/actualidad\\\/2020\\\/09\\\/03\\\/komtu-y-la-fundacion-jov-elaboran-una-guia-con-ideas-para-la-acogida-y-el-acompanamiento-emocional-a-la-comunidad-escolar\\\/#primaryimage\"},\"thumbnailUrl\":\"https:\\\/\\\/www.komtu.org\\\/wp-content\\\/uploads\\\/sites\\\/3\\\/2020\\\/06\\\/1703999134-huge.jpg\",\"datePublished\":\"2020-09-03T10:09:57+00:00\",\"dateModified\":\"2020-09-21T10:12:10+00:00\",\"author\":{\"@id\":\"https:\\\/\\\/www.komtu.org\\\/es\\\/#\\\/schema\\\/person\\\/98bca0bd4f2210a80be68817b89f5d33\"},\"breadcrumb\":{\"@id\":\"https:\\\/\\\/www.komtu.org\\\/es\\\/actualidad\\\/2020\\\/09\\\/03\\\/komtu-y-la-fundacion-jov-elaboran-una-guia-con-ideas-para-la-acogida-y-el-acompanamiento-emocional-a-la-comunidad-escolar\\\/#breadcrumb\"},\"inLanguage\":\"es\",\"potentialAction\":[{\"@type\":\"ReadAction\",\"target\":[\"https:\\\/\\\/www.komtu.org\\\/es\\\/actualidad\\\/2020\\\/09\\\/03\\\/komtu-y-la-fundacion-jov-elaboran-una-guia-con-ideas-para-la-acogida-y-el-acompanamiento-emocional-a-la-comunidad-escolar\\\/\"]}]},{\"@type\":\"ImageObject\",\"inLanguage\":\"es\",\"@id\":\"https:\\\/\\\/www.komtu.org\\\/es\\\/actualidad\\\/2020\\\/09\\\/03\\\/komtu-y-la-fundacion-jov-elaboran-una-guia-con-ideas-para-la-acogida-y-el-acompanamiento-emocional-a-la-comunidad-escolar\\\/#primaryimage\",\"url\":\"https:\\\/\\\/www.komtu.org\\\/wp-content\\\/uploads\\\/sites\\\/3\\\/2020\\\/06\\\/1703999134-huge.jpg\",\"contentUrl\":\"https:\\\/\\\/www.komtu.org\\\/wp-content\\\/uploads\\\/sites\\\/3\\\/2020\\\/06\\\/1703999134-huge.jpg\",\"width\":2560,\"height\":1707},{\"@type\":\"BreadcrumbList\",\"@id\":\"https:\\\/\\\/www.komtu.org\\\/es\\\/actualidad\\\/2020\\\/09\\\/03\\\/komtu-y-la-fundacion-jov-elaboran-una-guia-con-ideas-para-la-acogida-y-el-acompanamiento-emocional-a-la-comunidad-escolar\\\/#breadcrumb\",\"itemListElement\":[{\"@type\":\"ListItem\",\"position\":1,\"name\":\"Portada\",\"item\":\"https:\\\/\\\/www.komtu.org\\\/es\\\/\"},{\"@type\":\"ListItem\",\"position\":2,\"name\":\"Komt\u00fc y la Fundaci\u00f3n JOV elaboran una gu\u00eda con ideas para la acogida y el acompa\u00f1amiento emocional a la comunidad escolar\"}]},{\"@type\":\"WebSite\",\"@id\":\"https:\\\/\\\/www.komtu.org\\\/es\\\/#website\",\"url\":\"https:\\\/\\\/www.komtu.org\\\/es\\\/\",\"name\":\"Komtu\",\"description\":\"Otro sitio m\u00e1s de Nous Cims sitios\",\"potentialAction\":[{\"@type\":\"SearchAction\",\"target\":{\"@type\":\"EntryPoint\",\"urlTemplate\":\"https:\\\/\\\/www.komtu.org\\\/es\\\/?s={search_term_string}\"},\"query-input\":{\"@type\":\"PropertyValueSpecification\",\"valueRequired\":true,\"valueName\":\"search_term_string\"}}],\"inLanguage\":\"es\"},{\"@type\":\"Person\",\"@id\":\"https:\\\/\\\/www.komtu.org\\\/es\\\/#\\\/schema\\\/person\\\/98bca0bd4f2210a80be68817b89f5d33\",\"name\":\"nous_admin\",\"image\":{\"@type\":\"ImageObject\",\"inLanguage\":\"es\",\"@id\":\"https:\\\/\\\/secure.gravatar.com\\\/avatar\\\/7b0df6bab50c1a7b72afa5353b411cf571c19c3f0c19733e684b0ef25d0b347e?s=96&d=mm&r=g\",\"url\":\"https:\\\/\\\/secure.gravatar.com\\\/avatar\\\/7b0df6bab50c1a7b72afa5353b411cf571c19c3f0c19733e684b0ef25d0b347e?s=96&d=mm&r=g\",\"contentUrl\":\"https:\\\/\\\/secure.gravatar.com\\\/avatar\\\/7b0df6bab50c1a7b72afa5353b411cf571c19c3f0c19733e684b0ef25d0b347e?s=96&d=mm&r=g\",\"caption\":\"nous_admin\"},\"url\":\"https:\\\/\\\/www.komtu.org\\\/es\\\/author\\\/nous_admin\\\/\"}]}<\/script>\n<!-- \/ Yoast SEO plugin. -->","yoast_head_json":{"title":"Komt\u00fc y la Fundaci\u00f3n JOV elaboran una gu\u00eda con ideas para la acogida y el acompa\u00f1amiento emocional a la comunidad escolar - Komtu","robots":{"index":"index","follow":"follow","max-snippet":"max-snippet:-1","max-image-preview":"max-image-preview:large","max-video-preview":"max-video-preview:-1"},"canonical":"https:\/\/www.komtu.org\/es\/actualidad\/2020\/09\/03\/komtu-y-la-fundacion-jov-elaboran-una-guia-con-ideas-para-la-acogida-y-el-acompanamiento-emocional-a-la-comunidad-escolar\/","og_locale":"es_ES","og_type":"article","og_title":"Komt\u00fc y la Fundaci\u00f3n JOV elaboran una gu\u00eda con ideas para la acogida y el acompa\u00f1amiento emocional a la comunidad escolar - Komtu","og_description":"Con el inicio del curso escolar 2020-21, marcado por la incertidumbre por la evoluci\u00f3n de la pandemia de la Covid-19, [&hellip;]","og_url":"https:\/\/www.komtu.org\/es\/actualidad\/2020\/09\/03\/komtu-y-la-fundacion-jov-elaboran-una-guia-con-ideas-para-la-acogida-y-el-acompanamiento-emocional-a-la-comunidad-escolar\/","og_site_name":"Komtu","article_published_time":"2020-09-03T10:09:57+00:00","article_modified_time":"2020-09-21T10:12:10+00:00","og_image":[{"width":2560,"height":1707,"url":"https:\/\/www.komtu.org\/wp-content\/uploads\/sites\/3\/2020\/06\/1703999134-huge.jpg","type":"image\/jpeg"}],"author":"nous_admin","twitter_card":"summary_large_image","twitter_misc":{"Escrito por":"nous_admin","Tiempo de lectura":"2 minutos"},"schema":{"@context":"https:\/\/schema.org","@graph":[{"@type":"Article","@id":"https:\/\/www.komtu.org\/es\/actualidad\/2020\/09\/03\/komtu-y-la-fundacion-jov-elaboran-una-guia-con-ideas-para-la-acogida-y-el-acompanamiento-emocional-a-la-comunidad-escolar\/#article","isPartOf":{"@id":"https:\/\/www.komtu.org\/es\/actualidad\/2020\/09\/03\/komtu-y-la-fundacion-jov-elaboran-una-guia-con-ideas-para-la-acogida-y-el-acompanamiento-emocional-a-la-comunidad-escolar\/"},"author":{"name":"nous_admin","@id":"https:\/\/www.komtu.org\/es\/#\/schema\/person\/98bca0bd4f2210a80be68817b89f5d33"},"headline":"Komt\u00fc y la Fundaci\u00f3n JOV elaboran una gu\u00eda con ideas para la acogida y el acompa\u00f1amiento emocional a la comunidad escolar","datePublished":"2020-09-03T10:09:57+00:00","dateModified":"2020-09-21T10:12:10+00:00","mainEntityOfPage":{"@id":"https:\/\/www.komtu.org\/es\/actualidad\/2020\/09\/03\/komtu-y-la-fundacion-jov-elaboran-una-guia-con-ideas-para-la-acogida-y-el-acompanamiento-emocional-a-la-comunidad-escolar\/"},"wordCount":357,"commentCount":0,"image":{"@id":"https:\/\/www.komtu.org\/es\/actualidad\/2020\/09\/03\/komtu-y-la-fundacion-jov-elaboran-una-guia-con-ideas-para-la-acogida-y-el-acompanamiento-emocional-a-la-comunidad-escolar\/#primaryimage"},"thumbnailUrl":"https:\/\/www.komtu.org\/wp-content\/uploads\/sites\/3\/2020\/06\/1703999134-huge.jpg","articleSection":["Actualidad"],"inLanguage":"es","potentialAction":[{"@type":"CommentAction","name":"Comment","target":["https:\/\/www.komtu.org\/es\/actualidad\/2020\/09\/03\/komtu-y-la-fundacion-jov-elaboran-una-guia-con-ideas-para-la-acogida-y-el-acompanamiento-emocional-a-la-comunidad-escolar\/#respond"]}]},{"@type":"WebPage","@id":"https:\/\/www.komtu.org\/es\/actualidad\/2020\/09\/03\/komtu-y-la-fundacion-jov-elaboran-una-guia-con-ideas-para-la-acogida-y-el-acompanamiento-emocional-a-la-comunidad-escolar\/","url":"https:\/\/www.komtu.org\/es\/actualidad\/2020\/09\/03\/komtu-y-la-fundacion-jov-elaboran-una-guia-con-ideas-para-la-acogida-y-el-acompanamiento-emocional-a-la-comunidad-escolar\/","name":"Komt\u00fc y la Fundaci\u00f3n JOV elaboran una gu\u00eda con ideas para la acogida y el acompa\u00f1amiento emocional a la comunidad escolar - Komtu","isPartOf":{"@id":"https:\/\/www.komtu.org\/es\/#website"},"primaryImageOfPage":{"@id":"https:\/\/www.komtu.org\/es\/actualidad\/2020\/09\/03\/komtu-y-la-fundacion-jov-elaboran-una-guia-con-ideas-para-la-acogida-y-el-acompanamiento-emocional-a-la-comunidad-escolar\/#primaryimage"},"image":{"@id":"https:\/\/www.komtu.org\/es\/actualidad\/2020\/09\/03\/komtu-y-la-fundacion-jov-elaboran-una-guia-con-ideas-para-la-acogida-y-el-acompanamiento-emocional-a-la-comunidad-escolar\/#primaryimage"},"thumbnailUrl":"https:\/\/www.komtu.org\/wp-content\/uploads\/sites\/3\/2020\/06\/1703999134-huge.jpg","datePublished":"2020-09-03T10:09:57+00:00","dateModified":"2020-09-21T10:12:10+00:00","author":{"@id":"https:\/\/www.komtu.org\/es\/#\/schema\/person\/98bca0bd4f2210a80be68817b89f5d33"},"breadcrumb":{"@id":"https:\/\/www.komtu.org\/es\/actualidad\/2020\/09\/03\/komtu-y-la-fundacion-jov-elaboran-una-guia-con-ideas-para-la-acogida-y-el-acompanamiento-emocional-a-la-comunidad-escolar\/#breadcrumb"},"inLanguage":"es","potentialAction":[{"@type":"ReadAction","target":["https:\/\/www.komtu.org\/es\/actualidad\/2020\/09\/03\/komtu-y-la-fundacion-jov-elaboran-una-guia-con-ideas-para-la-acogida-y-el-acompanamiento-emocional-a-la-comunidad-escolar\/"]}]},{"@type":"ImageObject","inLanguage":"es","@id":"https:\/\/www.komtu.org\/es\/actualidad\/2020\/09\/03\/komtu-y-la-fundacion-jov-elaboran-una-guia-con-ideas-para-la-acogida-y-el-acompanamiento-emocional-a-la-comunidad-escolar\/#primaryimage","url":"https:\/\/www.komtu.org\/wp-content\/uploads\/sites\/3\/2020\/06\/1703999134-huge.jpg","contentUrl":"https:\/\/www.komtu.org\/wp-content\/uploads\/sites\/3\/2020\/06\/1703999134-huge.jpg","width":2560,"height":1707},{"@type":"BreadcrumbList","@id":"https:\/\/www.komtu.org\/es\/actualidad\/2020\/09\/03\/komtu-y-la-fundacion-jov-elaboran-una-guia-con-ideas-para-la-acogida-y-el-acompanamiento-emocional-a-la-comunidad-escolar\/#breadcrumb","itemListElement":[{"@type":"ListItem","position":1,"name":"Portada","item":"https:\/\/www.komtu.org\/es\/"},{"@type":"ListItem","position":2,"name":"Komt\u00fc y la Fundaci\u00f3n JOV elaboran una gu\u00eda con ideas para la acogida y el acompa\u00f1amiento emocional a la comunidad escolar"}]},{"@type":"WebSite","@id":"https:\/\/www.komtu.org\/es\/#website","url":"https:\/\/www.komtu.org\/es\/","name":"Komtu","description":"Otro sitio m\u00e1s de Nous Cims sitios","potentialAction":[{"@type":"SearchAction","target":{"@type":"EntryPoint","urlTemplate":"https:\/\/www.komtu.org\/es\/?s={search_term_string}"},"query-input":{"@type":"PropertyValueSpecification","valueRequired":true,"valueName":"search_term_string"}}],"inLanguage":"es"},{"@type":"Person","@id":"https:\/\/www.komtu.org\/es\/#\/schema\/person\/98bca0bd4f2210a80be68817b89f5d33","name":"nous_admin","image":{"@type":"ImageObject","inLanguage":"es","@id":"https:\/\/secure.gravatar.com\/avatar\/7b0df6bab50c1a7b72afa5353b411cf571c19c3f0c19733e684b0ef25d0b347e?s=96&d=mm&r=g","url":"https:\/\/secure.gravatar.com\/avatar\/7b0df6bab50c1a7b72afa5353b411cf571c19c3f0c19733e684b0ef25d0b347e?s=96&d=mm&r=g","contentUrl":"https:\/\/secure.gravatar.com\/avatar\/7b0df6bab50c1a7b72afa5353b411cf571c19c3f0c19733e684b0ef25d0b347e?s=96&d=mm&r=g","caption":"nous_admin"},"url":"https:\/\/www.komtu.org\/es\/author\/nous_admin\/"}]}},"_links":{"self":[{"href":"https:\/\/www.komtu.org\/es\/wp-json\/wp\/v2\/posts\/965","targetHints":{"allow":["GET"]}}],"collection":[{"href":"https:\/\/www.komtu.org\/es\/wp-json\/wp\/v2\/posts"}],"about":[{"href":"https:\/\/www.komtu.org\/es\/wp-json\/wp\/v2\/types\/post"}],"author":[{"embeddable":true,"href":"https:\/\/www.komtu.org\/es\/wp-json\/wp\/v2\/users\/1"}],"replies":[{"embeddable":true,"href":"https:\/\/www.komtu.org\/es\/wp-json\/wp\/v2\/comments?post=965"}],"version-history":[{"count":1,"href":"https:\/\/www.komtu.org\/es\/wp-json\/wp\/v2\/posts\/965\/revisions"}],"predecessor-version":[{"id":968,"href":"https:\/\/www.komtu.org\/es\/wp-json\/wp\/v2\/posts\/965\/revisions\/968"}],"wp:featuredmedia":[{"embeddable":true,"href":"https:\/\/www.komtu.org\/es\/wp-json\/wp\/v2\/media\/906"}],"wp:attachment":[{"href":"https:\/\/www.komtu.org\/es\/wp-json\/wp\/v2\/media?parent=965"}],"wp:term":[{"taxonomy":"category","embeddable":true,"href":"https:\/\/www.komtu.org\/es\/wp-json\/wp\/v2\/categories?post=965"},{"taxonomy":"post_tag","embeddable":true,"href":"https:\/\/www.komtu.org\/es\/wp-json\/wp\/v2\/tags?post=965"}],"curies":[{"name":"wp","href":"https:\/\/api.w.org\/{rel}","templated":true}]}}