{"id":5718,"date":"2026-04-27T10:43:45","date_gmt":"2026-04-27T08:43:45","guid":{"rendered":"https:\/\/www.komtu.org\/?p=5718"},"modified":"2026-04-27T10:47:06","modified_gmt":"2026-04-27T08:47:06","slug":"el-autocuidado-un-acto-de-responsabilidad-para-maestros-y-familias","status":"publish","type":"post","link":"https:\/\/www.komtu.org\/es\/actualidad\/2026\/04\/27\/el-autocuidado-un-acto-de-responsabilidad-para-maestros-y-familias\/","title":{"rendered":"El autocuidado: un acto de responsabilidad para maestros y familias"},"content":{"rendered":"<div class=\"wpb-content-wrapper\"><p>[vc_row][vc_column width=\u00bb1\/1&#8243;][vc_column_text uncode_shortcode_id=\u00bb271186&#8243;]<span style=\"color: #000000\">En el \u00e1mbito educativo y familiar a menudo abocamos toda nuestra energ\u00eda en cuidar de los otros: hijos, alumnos, compa\u00f1eros de trabajo. Nos esforzamos en estar presentes, acompa\u00f1ar, sostener\u2026 pero a veces nos olvidamos de la base m\u00e1s esencial: nuestro propio bienestar. Cuando esto pasa, el resultado es casi siempre el mismo. Nos sentimos cansados, irascibles, sin paciencia ni capacidad de presencia real.<\/span><\/p>\n<p><span style=\"color: #000000\">Es entonces cuando el acompa\u00f1amiento pierde calidad, porque nadie puede dar aquello que no tiene. Por eso hay que empezar a ver el autocuidado no como un capricho, sino como un acto de responsabilidad. Lejos de ser un acto ego\u00edsta, es una condici\u00f3n necesaria para ejercer nuestro papel de acompa\u00f1amiento con presencia y calidad.<\/span><\/p>\n<h3><span style=\"color: #000000\">\u00bfQu\u00e9 entendemos por autocuidado?<\/span><\/h3>\n<p><span style=\"color: #000000\">En la cultura actual, a menudo se asocia el concepto a actividades puntuales o de ocio (un masaje, un fin de semana de descanso, un regalo personal). A pesar de que estos gestos pueden formar parte del proceso, el autocuidado es, en esencia, una pr\u00e1ctica sostenida de respeto y escucha de las propias necesidades.<\/span><\/p>\n<p><span style=\"color: #000000\">Implica:<\/span><\/p>\n<ul>\n<li><span style=\"color: #000000\">poner l\u00edmites sanos,<\/span><\/li>\n<li><span style=\"color: #000000\">reconocer cuando necesitamos ayuda,<\/span><\/li>\n<li><span style=\"color: #000000\">regular los propios estados emocionales,<\/span><\/li>\n<li><span style=\"color: #000000\">dar espacio a la pausa y al silencio,<\/span><\/li>\n<li><span style=\"color: #000000\">permitirse momentos de placer sin culpa.<\/span><\/li>\n<\/ul>\n<p><span style=\"color: #000000\">Autocuidarse es, en definitiva, establecer una relaci\u00f3n consciente con un mismo para poder estar realmente disponible por los otros.<\/span><\/p>\n<h3><span style=\"color: #000000\">El impacto del autocuidado en el cuerpo y el cerebro<\/span><\/h3>\n<p><span style=\"color: #000000\">La neurociencia nos ayuda a entender por qu\u00e9 esto es tan importante. Cuando vivimos en modo constante de exigencia, nuestro cuerpo activa el sistema nervioso simp\u00e1tico, el que est\u00e1 dise\u00f1ado para responder al estr\u00e9s. El coraz\u00f3n se acelera, la musculatura se tensa, aumentan los niveles de cortisol. En este estado, el cerebro funciona desde la reactividad: la am\u00edgdala, que es el centro de alarma, toma el control y nos hace m\u00e1s impulsivos, menos emp\u00e1ticos, m\u00e1s r\u00edgidos. En cambio, cuando nos damos espacios de pausa y nos cuidamos de manera consciente, el sistema nervioso parasimp\u00e1tico se activa. Este es el sistema que nos lleva calma y recuperaci\u00f3n, el que permite que el c\u00f3rtex prefrontal -la parte del cerebro que regula las emociones, toma decisiones y conecta con los otros- pueda funcionar con plenitud. Esto quiere decir que, cuid\u00e1ndonos, no solo nos sentimos mejor: tambi\u00e9n pensamos con m\u00e1s claridad, reaccionamos con m\u00e1s serenidad y nos relacionamos con m\u00e1s calidad.<\/span><\/p>\n<p><span style=\"color: #000000\">Dicho de otro modo: cuidar nuestra salud f\u00edsica y mental, nos ayuda a una mejorar la regulaci\u00f3n emocional, a tener m\u00e1s empat\u00eda y m\u00e1s capacidad de sostener el mundo emocional de los ni\u00f1os y adolescentes que acompa\u00f1amos.<\/span><\/p>\n<h3><span style=\"color: #000000\">Creencias que nos limitan<\/span><\/h3>\n<p><span style=\"color: #000000\">A pesar de los beneficios evidentes, hay ideas arraigadas que dificultan la pr\u00e1ctica del autocuidado:<\/span><\/p>\n<ul>\n<li><span style=\"color: #000000\">\u201cCuidarme es ser ego\u00edsta.\u201d En realidad, es un acto de responsabilidad: cuando estamos cansados o irritables, los otros reciben una presencia pobre o desconectada.<\/span><\/li>\n<li><span style=\"color: #000000\">\u201cNo tengo tiempo.\u201d El autocuidado no pregunta grandes espacios, sino constancia: un respiro consciente, una pausa breve o un \u201choy no puedo\u201d.<\/span><\/li>\n<li><span style=\"color: #000000\">\u201cPrimero los otros, despu\u00e9s yo.\u201d Esta creencia nos conduce al desgaste. En cambio, cuidarse es asegurar que podemos estar presentes con calidad y continuidad.<\/span><\/li>\n<\/ul>\n<h3><span style=\"color: #000000\">El modelado: el mensaje invisible<\/span><\/h3>\n<p><span style=\"color: #000000\">Nuestro estado interno tiene un impacto directo en las personas que nos rodean. Los ni\u00f1os y adolescentes, especialmente, son extremadamente sensibles al tono emocional de los adultos. Aunque no sean conscientes, perciben la tensi\u00f3n, el cansancio o la calma de nuestro cuerpo y de nuestra manera de hablar. En este sentido, lo mejor que podemos ofrecer a nuestros hijos y alumnos no es un discurso sobre la importancia del bienestar, sino un modelo vivo. Cuando un docente se permite hacer una pausa antes de continuar una clase, o cuando un padre o madre dice con serenidad \u201cnecesito diez minutos para m\u00ed\u201d, est\u00e1 ense\u00f1ando a trav\u00e9s del ejemplo que cuidarse es leg\u00edtimo y necesario. Este modelado es probablemente una de las lecciones m\u00e1s valiosas que les podemos transmitir.<\/span><\/p>\n<h3><span style=\"color: #000000\">\u00bfC\u00f3mo empezamos?<\/span><\/h3>\n<p><span style=\"color: #000000\">No se trata de hacer grandes cambios de golpe, sino de incorporar peque\u00f1as pr\u00e1cticas con constancia. Algunas pr\u00e1cticas sencillas:<\/span><\/p>\n<ul>\n<li><span style=\"color: #000000\">Practica micropausas: tres respiraciones profundas diversas veces en el d\u00eda.<\/span><\/li>\n<li><span style=\"color: #000000\">Aprende a decir no cuando te sobrepasa algo, sin sentir culpa.<\/span><\/li>\n<li><span style=\"color: #000000\">Escucha aquello que tu cuerpo te dice: si est\u00e1 cansado, si necesita moverse o descansar.<\/span><\/li>\n<li><span style=\"color: #000000\">Busca espacios para compartir tus emociones y experiencias con alguien de confianza.<\/span><\/li>\n<li><span style=\"color: #000000\">Reflexiona cada semana sobre que te ayud\u00f3 a sentirte bien y que te agot\u00f3 y ajusta en consecuencia.<\/span><\/li>\n<\/ul>\n<p><span style=\"color: #000000\">Estas acciones, aparentemente peque\u00f1as, acumuladas en el tiempo generan un cambio profundo en la manera como nos relacionamos con nosotros mismos y con los otros.<\/span><\/p>\n<p><span style=\"color: #000000\">En definitiva, cuidarse no nos aleja de nuestra responsabilidad como padres, madres o maestras. Al contrario: nos acerca a ella con m\u00e1s fuerza y autenticidad. Cuando nuestro cuerpo y nuestro cerebro funcionan en armon\u00eda, tenemos la capacidad de ofrecer presencia, calma y empat\u00eda. El autocuidado no es, pues, un lujo ni una moda, sino una necesidad vital. Cuidarme a m\u00ed es, en \u00faltima instancia, la mejor manera de cuidarte a ti.<\/span><\/p>\n<p><span style=\"color: #000000\">Te invito a que te des permiso y empieces hoy, con peque\u00f1os gestos, a cultivar tu bienestar.<\/span><\/p>\n<p><span style=\"color: #000000\">Un art\u00edculo:<\/span><\/p>\n<p><span style=\"color: #000000\"><strong><span class=\"TextRun SCXW196905592 BCX0\" lang=\"CA\" xml:lang=\"CA\" data-contrast=\"auto\"><span class=\"NormalTextRun SCXW196905592 BCX0\">Lidia Borrell<\/span><\/span><\/strong>\u00a0(t\u00e9cnica programa Komt\u00fc)<\/span>[\/vc_column_text][\/vc_column][\/vc_row]<\/p>\n<\/div>","protected":false},"excerpt":{"rendered":"<p>En el \u00e1mbito educativo y familiar a menudo abocamos toda nuestra energ\u00eda en cuidar de los otros: hijos, [&hellip;]<\/p>\n","protected":false},"author":2,"featured_media":5720,"comment_status":"open","ping_status":"open","sticky":false,"template":"","format":"standard","meta":{"footnotes":""},"categories":[5],"tags":[],"class_list":["post-5718","post","type-post","status-publish","format-standard","has-post-thumbnail","hentry","category-actualidad"],"yoast_head":"<!-- This site is optimized with the Yoast SEO plugin v27.4 - https:\/\/yoast.com\/product\/yoast-seo-wordpress\/ -->\n<title>El autocuidado: un acto de responsabilidad para maestros y familias - Komtu<\/title>\n<meta name=\"description\" content=\"Nuestro propio bienestar es una condici\u00f3n necesaria para ejercer nuestro papel de acompa\u00f1amiento con presencia y calidad.\" \/>\n<meta name=\"robots\" content=\"index, follow, max-snippet:-1, max-image-preview:large, max-video-preview:-1\" \/>\n<link rel=\"canonical\" href=\"https:\/\/www.komtu.org\/es\/actualidad\/2026\/04\/27\/el-autocuidado-un-acto-de-responsabilidad-para-maestros-y-familias\/\" \/>\n<meta property=\"og:locale\" content=\"es_ES\" \/>\n<meta property=\"og:type\" content=\"article\" \/>\n<meta property=\"og:title\" content=\"El autocuidado: un acto de responsabilidad para maestros y familias - Komtu\" \/>\n<meta property=\"og:description\" content=\"Nuestro propio bienestar es una condici\u00f3n necesaria para ejercer nuestro papel de acompa\u00f1amiento con presencia y calidad.\" \/>\n<meta property=\"og:url\" content=\"https:\/\/www.komtu.org\/es\/actualidad\/2026\/04\/27\/el-autocuidado-un-acto-de-responsabilidad-para-maestros-y-familias\/\" \/>\n<meta property=\"og:site_name\" content=\"Komtu\" \/>\n<meta property=\"article:published_time\" content=\"2026-04-27T08:43:45+00:00\" \/>\n<meta property=\"article:modified_time\" content=\"2026-04-27T08:47:06+00:00\" \/>\n<meta property=\"og:image\" content=\"https:\/\/www.komtu.org\/wp-content\/uploads\/sites\/3\/2026\/04\/IMG_0745-scaled.jpg\" \/>\n\t<meta property=\"og:image:width\" content=\"2560\" \/>\n\t<meta property=\"og:image:height\" content=\"1706\" \/>\n\t<meta property=\"og:image:type\" content=\"image\/jpeg\" \/>\n<meta name=\"author\" content=\"Nous Cims\" \/>\n<meta name=\"twitter:card\" content=\"summary_large_image\" \/>\n<meta name=\"twitter:label1\" content=\"Escrito por\" \/>\n\t<meta name=\"twitter:data1\" content=\"Nous Cims\" \/>\n\t<meta name=\"twitter:label2\" content=\"Tiempo de lectura\" \/>\n\t<meta name=\"twitter:data2\" content=\"5 minutos\" \/>\n<script type=\"application\/ld+json\" class=\"yoast-schema-graph\">{\"@context\":\"https:\\\/\\\/schema.org\",\"@graph\":[{\"@type\":\"Article\",\"@id\":\"https:\\\/\\\/www.komtu.org\\\/es\\\/actualidad\\\/2026\\\/04\\\/27\\\/el-autocuidado-un-acto-de-responsabilidad-para-maestros-y-familias\\\/#article\",\"isPartOf\":{\"@id\":\"https:\\\/\\\/www.komtu.org\\\/es\\\/actualidad\\\/2026\\\/04\\\/27\\\/el-autocuidado-un-acto-de-responsabilidad-para-maestros-y-familias\\\/\"},\"author\":{\"name\":\"Nous Cims\",\"@id\":\"https:\\\/\\\/www.komtu.org\\\/es\\\/#\\\/schema\\\/person\\\/c49be7fd7667a36f1b39c1c5a2becf99\"},\"headline\":\"El autocuidado: un acto de responsabilidad para maestros y familias\",\"datePublished\":\"2026-04-27T08:43:45+00:00\",\"dateModified\":\"2026-04-27T08:47:06+00:00\",\"mainEntityOfPage\":{\"@id\":\"https:\\\/\\\/www.komtu.org\\\/es\\\/actualidad\\\/2026\\\/04\\\/27\\\/el-autocuidado-un-acto-de-responsabilidad-para-maestros-y-familias\\\/\"},\"wordCount\":937,\"commentCount\":0,\"image\":{\"@id\":\"https:\\\/\\\/www.komtu.org\\\/es\\\/actualidad\\\/2026\\\/04\\\/27\\\/el-autocuidado-un-acto-de-responsabilidad-para-maestros-y-familias\\\/#primaryimage\"},\"thumbnailUrl\":\"https:\\\/\\\/www.komtu.org\\\/wp-content\\\/uploads\\\/sites\\\/3\\\/2026\\\/04\\\/IMG_0745-scaled.jpg\",\"articleSection\":[\"Actualidad\"],\"inLanguage\":\"es\",\"potentialAction\":[{\"@type\":\"CommentAction\",\"name\":\"Comment\",\"target\":[\"https:\\\/\\\/www.komtu.org\\\/es\\\/actualidad\\\/2026\\\/04\\\/27\\\/el-autocuidado-un-acto-de-responsabilidad-para-maestros-y-familias\\\/#respond\"]}]},{\"@type\":\"WebPage\",\"@id\":\"https:\\\/\\\/www.komtu.org\\\/es\\\/actualidad\\\/2026\\\/04\\\/27\\\/el-autocuidado-un-acto-de-responsabilidad-para-maestros-y-familias\\\/\",\"url\":\"https:\\\/\\\/www.komtu.org\\\/es\\\/actualidad\\\/2026\\\/04\\\/27\\\/el-autocuidado-un-acto-de-responsabilidad-para-maestros-y-familias\\\/\",\"name\":\"El autocuidado: un acto de responsabilidad para maestros y familias - Komtu\",\"isPartOf\":{\"@id\":\"https:\\\/\\\/www.komtu.org\\\/es\\\/#website\"},\"primaryImageOfPage\":{\"@id\":\"https:\\\/\\\/www.komtu.org\\\/es\\\/actualidad\\\/2026\\\/04\\\/27\\\/el-autocuidado-un-acto-de-responsabilidad-para-maestros-y-familias\\\/#primaryimage\"},\"image\":{\"@id\":\"https:\\\/\\\/www.komtu.org\\\/es\\\/actualidad\\\/2026\\\/04\\\/27\\\/el-autocuidado-un-acto-de-responsabilidad-para-maestros-y-familias\\\/#primaryimage\"},\"thumbnailUrl\":\"https:\\\/\\\/www.komtu.org\\\/wp-content\\\/uploads\\\/sites\\\/3\\\/2026\\\/04\\\/IMG_0745-scaled.jpg\",\"datePublished\":\"2026-04-27T08:43:45+00:00\",\"dateModified\":\"2026-04-27T08:47:06+00:00\",\"author\":{\"@id\":\"https:\\\/\\\/www.komtu.org\\\/es\\\/#\\\/schema\\\/person\\\/c49be7fd7667a36f1b39c1c5a2becf99\"},\"description\":\"Nuestro propio bienestar es una condici\u00f3n necesaria para ejercer nuestro papel de acompa\u00f1amiento con presencia y calidad.\",\"breadcrumb\":{\"@id\":\"https:\\\/\\\/www.komtu.org\\\/es\\\/actualidad\\\/2026\\\/04\\\/27\\\/el-autocuidado-un-acto-de-responsabilidad-para-maestros-y-familias\\\/#breadcrumb\"},\"inLanguage\":\"es\",\"potentialAction\":[{\"@type\":\"ReadAction\",\"target\":[\"https:\\\/\\\/www.komtu.org\\\/es\\\/actualidad\\\/2026\\\/04\\\/27\\\/el-autocuidado-un-acto-de-responsabilidad-para-maestros-y-familias\\\/\"]}]},{\"@type\":\"ImageObject\",\"inLanguage\":\"es\",\"@id\":\"https:\\\/\\\/www.komtu.org\\\/es\\\/actualidad\\\/2026\\\/04\\\/27\\\/el-autocuidado-un-acto-de-responsabilidad-para-maestros-y-familias\\\/#primaryimage\",\"url\":\"https:\\\/\\\/www.komtu.org\\\/wp-content\\\/uploads\\\/sites\\\/3\\\/2026\\\/04\\\/IMG_0745-scaled.jpg\",\"contentUrl\":\"https:\\\/\\\/www.komtu.org\\\/wp-content\\\/uploads\\\/sites\\\/3\\\/2026\\\/04\\\/IMG_0745-scaled.jpg\",\"width\":2560,\"height\":1706,\"caption\":\"IMG_0745.jpg\"},{\"@type\":\"BreadcrumbList\",\"@id\":\"https:\\\/\\\/www.komtu.org\\\/es\\\/actualidad\\\/2026\\\/04\\\/27\\\/el-autocuidado-un-acto-de-responsabilidad-para-maestros-y-familias\\\/#breadcrumb\",\"itemListElement\":[{\"@type\":\"ListItem\",\"position\":1,\"name\":\"Portada\",\"item\":\"https:\\\/\\\/www.komtu.org\\\/es\\\/\"},{\"@type\":\"ListItem\",\"position\":2,\"name\":\"El autocuidado: un acto de responsabilidad para maestros y familias\"}]},{\"@type\":\"WebSite\",\"@id\":\"https:\\\/\\\/www.komtu.org\\\/es\\\/#website\",\"url\":\"https:\\\/\\\/www.komtu.org\\\/es\\\/\",\"name\":\"Komtu\",\"description\":\"Otro sitio m\u00e1s de Nous Cims sitios\",\"potentialAction\":[{\"@type\":\"SearchAction\",\"target\":{\"@type\":\"EntryPoint\",\"urlTemplate\":\"https:\\\/\\\/www.komtu.org\\\/es\\\/?s={search_term_string}\"},\"query-input\":{\"@type\":\"PropertyValueSpecification\",\"valueRequired\":true,\"valueName\":\"search_term_string\"}}],\"inLanguage\":\"es\"},{\"@type\":\"Person\",\"@id\":\"https:\\\/\\\/www.komtu.org\\\/es\\\/#\\\/schema\\\/person\\\/c49be7fd7667a36f1b39c1c5a2becf99\",\"name\":\"Nous Cims\",\"image\":{\"@type\":\"ImageObject\",\"inLanguage\":\"es\",\"@id\":\"https:\\\/\\\/secure.gravatar.com\\\/avatar\\\/1dd42f1cafb4dfa67ddb690263b49eb6dd0b847386b5e1ee729643a318a2de73?s=96&d=mm&r=g\",\"url\":\"https:\\\/\\\/secure.gravatar.com\\\/avatar\\\/1dd42f1cafb4dfa67ddb690263b49eb6dd0b847386b5e1ee729643a318a2de73?s=96&d=mm&r=g\",\"contentUrl\":\"https:\\\/\\\/secure.gravatar.com\\\/avatar\\\/1dd42f1cafb4dfa67ddb690263b49eb6dd0b847386b5e1ee729643a318a2de73?s=96&d=mm&r=g\",\"caption\":\"Nous Cims\"},\"url\":\"https:\\\/\\\/www.komtu.org\\\/es\\\/author\\\/edelcampo\\\/\"}]}<\/script>\n<!-- \/ Yoast SEO plugin. -->","yoast_head_json":{"title":"El autocuidado: un acto de responsabilidad para maestros y familias - Komtu","description":"Nuestro propio bienestar es una condici\u00f3n necesaria para ejercer nuestro papel de acompa\u00f1amiento con presencia y calidad.","robots":{"index":"index","follow":"follow","max-snippet":"max-snippet:-1","max-image-preview":"max-image-preview:large","max-video-preview":"max-video-preview:-1"},"canonical":"https:\/\/www.komtu.org\/es\/actualidad\/2026\/04\/27\/el-autocuidado-un-acto-de-responsabilidad-para-maestros-y-familias\/","og_locale":"es_ES","og_type":"article","og_title":"El autocuidado: un acto de responsabilidad para maestros y familias - Komtu","og_description":"Nuestro propio bienestar es una condici\u00f3n necesaria para ejercer nuestro papel de acompa\u00f1amiento con presencia y calidad.","og_url":"https:\/\/www.komtu.org\/es\/actualidad\/2026\/04\/27\/el-autocuidado-un-acto-de-responsabilidad-para-maestros-y-familias\/","og_site_name":"Komtu","article_published_time":"2026-04-27T08:43:45+00:00","article_modified_time":"2026-04-27T08:47:06+00:00","og_image":[{"width":2560,"height":1706,"url":"https:\/\/www.komtu.org\/wp-content\/uploads\/sites\/3\/2026\/04\/IMG_0745-scaled.jpg","type":"image\/jpeg"}],"author":"Nous Cims","twitter_card":"summary_large_image","twitter_misc":{"Escrito por":"Nous Cims","Tiempo de lectura":"5 minutos"},"schema":{"@context":"https:\/\/schema.org","@graph":[{"@type":"Article","@id":"https:\/\/www.komtu.org\/es\/actualidad\/2026\/04\/27\/el-autocuidado-un-acto-de-responsabilidad-para-maestros-y-familias\/#article","isPartOf":{"@id":"https:\/\/www.komtu.org\/es\/actualidad\/2026\/04\/27\/el-autocuidado-un-acto-de-responsabilidad-para-maestros-y-familias\/"},"author":{"name":"Nous Cims","@id":"https:\/\/www.komtu.org\/es\/#\/schema\/person\/c49be7fd7667a36f1b39c1c5a2becf99"},"headline":"El autocuidado: un acto de responsabilidad para maestros y familias","datePublished":"2026-04-27T08:43:45+00:00","dateModified":"2026-04-27T08:47:06+00:00","mainEntityOfPage":{"@id":"https:\/\/www.komtu.org\/es\/actualidad\/2026\/04\/27\/el-autocuidado-un-acto-de-responsabilidad-para-maestros-y-familias\/"},"wordCount":937,"commentCount":0,"image":{"@id":"https:\/\/www.komtu.org\/es\/actualidad\/2026\/04\/27\/el-autocuidado-un-acto-de-responsabilidad-para-maestros-y-familias\/#primaryimage"},"thumbnailUrl":"https:\/\/www.komtu.org\/wp-content\/uploads\/sites\/3\/2026\/04\/IMG_0745-scaled.jpg","articleSection":["Actualidad"],"inLanguage":"es","potentialAction":[{"@type":"CommentAction","name":"Comment","target":["https:\/\/www.komtu.org\/es\/actualidad\/2026\/04\/27\/el-autocuidado-un-acto-de-responsabilidad-para-maestros-y-familias\/#respond"]}]},{"@type":"WebPage","@id":"https:\/\/www.komtu.org\/es\/actualidad\/2026\/04\/27\/el-autocuidado-un-acto-de-responsabilidad-para-maestros-y-familias\/","url":"https:\/\/www.komtu.org\/es\/actualidad\/2026\/04\/27\/el-autocuidado-un-acto-de-responsabilidad-para-maestros-y-familias\/","name":"El autocuidado: un acto de responsabilidad para maestros y familias - Komtu","isPartOf":{"@id":"https:\/\/www.komtu.org\/es\/#website"},"primaryImageOfPage":{"@id":"https:\/\/www.komtu.org\/es\/actualidad\/2026\/04\/27\/el-autocuidado-un-acto-de-responsabilidad-para-maestros-y-familias\/#primaryimage"},"image":{"@id":"https:\/\/www.komtu.org\/es\/actualidad\/2026\/04\/27\/el-autocuidado-un-acto-de-responsabilidad-para-maestros-y-familias\/#primaryimage"},"thumbnailUrl":"https:\/\/www.komtu.org\/wp-content\/uploads\/sites\/3\/2026\/04\/IMG_0745-scaled.jpg","datePublished":"2026-04-27T08:43:45+00:00","dateModified":"2026-04-27T08:47:06+00:00","author":{"@id":"https:\/\/www.komtu.org\/es\/#\/schema\/person\/c49be7fd7667a36f1b39c1c5a2becf99"},"description":"Nuestro propio bienestar es una condici\u00f3n necesaria para ejercer nuestro papel de acompa\u00f1amiento con presencia y calidad.","breadcrumb":{"@id":"https:\/\/www.komtu.org\/es\/actualidad\/2026\/04\/27\/el-autocuidado-un-acto-de-responsabilidad-para-maestros-y-familias\/#breadcrumb"},"inLanguage":"es","potentialAction":[{"@type":"ReadAction","target":["https:\/\/www.komtu.org\/es\/actualidad\/2026\/04\/27\/el-autocuidado-un-acto-de-responsabilidad-para-maestros-y-familias\/"]}]},{"@type":"ImageObject","inLanguage":"es","@id":"https:\/\/www.komtu.org\/es\/actualidad\/2026\/04\/27\/el-autocuidado-un-acto-de-responsabilidad-para-maestros-y-familias\/#primaryimage","url":"https:\/\/www.komtu.org\/wp-content\/uploads\/sites\/3\/2026\/04\/IMG_0745-scaled.jpg","contentUrl":"https:\/\/www.komtu.org\/wp-content\/uploads\/sites\/3\/2026\/04\/IMG_0745-scaled.jpg","width":2560,"height":1706,"caption":"IMG_0745.jpg"},{"@type":"BreadcrumbList","@id":"https:\/\/www.komtu.org\/es\/actualidad\/2026\/04\/27\/el-autocuidado-un-acto-de-responsabilidad-para-maestros-y-familias\/#breadcrumb","itemListElement":[{"@type":"ListItem","position":1,"name":"Portada","item":"https:\/\/www.komtu.org\/es\/"},{"@type":"ListItem","position":2,"name":"El autocuidado: un acto de responsabilidad para maestros y familias"}]},{"@type":"WebSite","@id":"https:\/\/www.komtu.org\/es\/#website","url":"https:\/\/www.komtu.org\/es\/","name":"Komtu","description":"Otro sitio m\u00e1s de Nous Cims sitios","potentialAction":[{"@type":"SearchAction","target":{"@type":"EntryPoint","urlTemplate":"https:\/\/www.komtu.org\/es\/?s={search_term_string}"},"query-input":{"@type":"PropertyValueSpecification","valueRequired":true,"valueName":"search_term_string"}}],"inLanguage":"es"},{"@type":"Person","@id":"https:\/\/www.komtu.org\/es\/#\/schema\/person\/c49be7fd7667a36f1b39c1c5a2becf99","name":"Nous Cims","image":{"@type":"ImageObject","inLanguage":"es","@id":"https:\/\/secure.gravatar.com\/avatar\/1dd42f1cafb4dfa67ddb690263b49eb6dd0b847386b5e1ee729643a318a2de73?s=96&d=mm&r=g","url":"https:\/\/secure.gravatar.com\/avatar\/1dd42f1cafb4dfa67ddb690263b49eb6dd0b847386b5e1ee729643a318a2de73?s=96&d=mm&r=g","contentUrl":"https:\/\/secure.gravatar.com\/avatar\/1dd42f1cafb4dfa67ddb690263b49eb6dd0b847386b5e1ee729643a318a2de73?s=96&d=mm&r=g","caption":"Nous Cims"},"url":"https:\/\/www.komtu.org\/es\/author\/edelcampo\/"}]}},"_links":{"self":[{"href":"https:\/\/www.komtu.org\/es\/wp-json\/wp\/v2\/posts\/5718","targetHints":{"allow":["GET"]}}],"collection":[{"href":"https:\/\/www.komtu.org\/es\/wp-json\/wp\/v2\/posts"}],"about":[{"href":"https:\/\/www.komtu.org\/es\/wp-json\/wp\/v2\/types\/post"}],"author":[{"embeddable":true,"href":"https:\/\/www.komtu.org\/es\/wp-json\/wp\/v2\/users\/2"}],"replies":[{"embeddable":true,"href":"https:\/\/www.komtu.org\/es\/wp-json\/wp\/v2\/comments?post=5718"}],"version-history":[{"count":1,"href":"https:\/\/www.komtu.org\/es\/wp-json\/wp\/v2\/posts\/5718\/revisions"}],"predecessor-version":[{"id":5722,"href":"https:\/\/www.komtu.org\/es\/wp-json\/wp\/v2\/posts\/5718\/revisions\/5722"}],"wp:featuredmedia":[{"embeddable":true,"href":"https:\/\/www.komtu.org\/es\/wp-json\/wp\/v2\/media\/5720"}],"wp:attachment":[{"href":"https:\/\/www.komtu.org\/es\/wp-json\/wp\/v2\/media?parent=5718"}],"wp:term":[{"taxonomy":"category","embeddable":true,"href":"https:\/\/www.komtu.org\/es\/wp-json\/wp\/v2\/categories?post=5718"},{"taxonomy":"post_tag","embeddable":true,"href":"https:\/\/www.komtu.org\/es\/wp-json\/wp\/v2\/tags?post=5718"}],"curies":[{"name":"wp","href":"https:\/\/api.w.org\/{rel}","templated":true}]}}