{"id":5104,"date":"2025-11-21T10:15:02","date_gmt":"2025-11-21T09:15:02","guid":{"rendered":"https:\/\/www.komtu.org\/?p=5104"},"modified":"2025-11-21T10:15:02","modified_gmt":"2025-11-21T09:15:02","slug":"como-relajarnos-y-cuidarnos-con-el-cuerpo-como-recurso","status":"publish","type":"post","link":"https:\/\/www.komtu.org\/es\/actualidad\/2025\/11\/21\/como-relajarnos-y-cuidarnos-con-el-cuerpo-como-recurso\/","title":{"rendered":"C\u00f3mo relajarnos y cuidarnos con el cuerpo como recurso"},"content":{"rendered":"<div class=\"wpb-content-wrapper\"><p>[vc_row][vc_column width=\u00bb1\/1&#8243;][vc_column_text uncode_shortcode_id=\u00bb141978&#8243;]<span style=\"color: #000000\">Nuestro d\u00eda a d\u00eda es intenso: pasamos de una situaci\u00f3n a otra casi de forma inmediata, a menudo sin podernos dar un respiro para descansar de verdad. Y si a esta din\u00e1mica sociocultural a\u00f1adimos otro ingrediente como es el acompa\u00f1amiento a los ni\u00f1os, todav\u00eda aumenta m\u00e1s la energ\u00eda invertida.\u00a0<\/span><\/p>\n<p><span style=\"color: #000000\">Es cierto tambi\u00e9n, que a menudo entendemos el descanso o la relajaci\u00f3n como actividades asociadas a \u201chacer\u201d: viajar, ver una serie, tomar algo, andar por la monta\u00f1a o estirarnos en la playa. Y todas estas opciones est\u00e1n muy bien si nuestro objetivo es encontrar un espacio por nosotros. Pero, \u00bfque pasar\u00eda si, en vez de buscar la distracci\u00f3n, pusi\u00e9ramos el foco al descansar desde dentro, utilizando el cuerpo como recurso para conectar con un estado de calma y presencia?\u00a0<\/span><\/p>\n<p><span style=\"color: #000000\">La respiraci\u00f3n, el yoga o la meditaci\u00f3n, entre otros, son t\u00e9cnicas que probablemente ya conoc\u00e9is. Pero, en este art\u00edculo no nos queremos centrar en el qu\u00e9 sino en el c\u00f3mo. M\u00e1s all\u00e1 de lo que hacemos, la clave es desde donde lo hacemos. Desde esta mirada, cualquier momento puede convertirse en un espacio de cura, tambi\u00e9n mientras estamos con los ni\u00f1os que acompa\u00f1amos.<\/span><\/p>\n<h3><span style=\"color: #000000\">El cuerpo como puerta de entrada al descanso<\/span><\/h3>\n<p><span style=\"color: #000000\">Para adentrarnos en la relajaci\u00f3n, es \u00fatil tomar conciencia de c\u00f3mo est\u00e1 nuestro cuerpo y reajustarlo para facilitar un estado de calma y descanso. Aqu\u00ed entra en juego el <em>hom\u00fanculo de Penfield<\/em>, una representaci\u00f3n del cuerpo seg\u00fan la incidencia en el cerebro. En este mapa humano, la cabeza, los labios, la lengua y sobre todo las manos tienen un protagonismo muy grande, destacan por encima de otras partes del cuerpo. Estas zonas, en especial la lengua y las manos, son claves para influir directamente en nuestro sistema nervioso y facilitarnos paz y serenidad.<\/span><\/p>\n<h3><span style=\"color: #000000\">Vamos a la pr\u00e1ctica<\/span><\/h3>\n<p><span style=\"color: #000000\">Te proponemos hacer una peque\u00f1a experiencia ahora mismo:<\/span><\/p>\n<ol>\n<li data-leveltext=\"%1.\" data-font=\"Aptos\" data-listid=\"1\" data-list-defn-props=\"{&quot;335552541&quot;:0,&quot;335559685&quot;:720,&quot;335559991&quot;:360,&quot;469769242&quot;:[65533,0],&quot;469777803&quot;:&quot;left&quot;,&quot;469777804&quot;:&quot;%1.&quot;,&quot;469777815&quot;:&quot;hybridMultilevel&quot;}\" data-aria-posinset=\"1\" data-aria-level=\"1\"><span style=\"color: #000000\">Pon atenci\u00f3n a tu lengua. D\u00e9jala reposar suavemente sobre el labio inferior, como si encontrara una almohada donde reposar. A cada expiraci\u00f3n, siente como descarga tensiones y ocupa m\u00e1s espacio dentro de la boca. \u00bfQu\u00e9 te parece la sensaci\u00f3n? <\/span><\/li>\n<li data-leveltext=\"%1.\" data-font=\"Aptos\" data-listid=\"1\" data-list-defn-props=\"{&quot;335552541&quot;:0,&quot;335559685&quot;:720,&quot;335559991&quot;:360,&quot;469769242&quot;:[65533,0],&quot;469777803&quot;:&quot;left&quot;,&quot;469777804&quot;:&quot;%1.&quot;,&quot;469777815&quot;:&quot;hybridMultilevel&quot;}\" data-aria-posinset=\"1\" data-aria-level=\"1\"><span style=\"color: #000000\">Manteniendo la lengua en este estado, ahora f\u00edjate en tus manos. Lleva la atenci\u00f3n a cada dedo de la mano, uno por uno, y en el centro de esta. Con cada expiraci\u00f3n, imagina que la mano se va expandiendo y soltando las tensiones. \u00bfC\u00f3mo te sientes con estas dos modificaciones de tu cuerpo?<\/span><\/li>\n<\/ol>\n<p><span style=\"color: #000000\">Si te has fijado, los ni\u00f1os a menudo sacan un poco la lengua cuando juegan, se concentran o est\u00e1n relajados. Es una muestra natural de estar conectados con ellos mismos, atentos pero sin tensi\u00f3n.<\/span><\/p>\n<h3><span style=\"color: #000000\">Para acabar<\/span><\/h3>\n<p><span style=\"color: #000000\">Despu\u00e9s de esta pr\u00e1ctica, os invitamos a incorporar este recurso en diferentes momentos de vuestro d\u00eda a d\u00eda y en el acompa\u00f1amiento a los ni\u00f1os. Observa qu\u00e9 cambios se producen en ti y como esto influye en la relaci\u00f3n con los otros.\u00a0<\/span><\/p>\n<p><span style=\"color: #000000\">Recuerda: lo importante no es solo que hacemos, sino como lo hacemos.<\/span><\/p>\n<figure id=\"attachment_5108\" aria-describedby=\"caption-attachment-5108\" style=\"width: 300px\" class=\"wp-caption alignnone\"><img decoding=\"async\" class=\"wp-image-5107 size-medium\" src=\"https:\/\/www.komtu.org\/wp-content\/uploads\/sites\/3\/2025\/11\/homunacle-300x165.png\" alt=\"\" width=\"300\" height=\"165\" srcset=\"https:\/\/www.komtu.org\/wp-content\/uploads\/sites\/3\/2025\/11\/homunacle-300x165.png 300w, https:\/\/www.komtu.org\/wp-content\/uploads\/sites\/3\/2025\/11\/homunacle-350x193.png 350w, https:\/\/www.komtu.org\/wp-content\/uploads\/sites\/3\/2025\/11\/homunacle.png 652w\" sizes=\"(max-width: 300px) 100vw, 300px\" \/><figcaption id=\"caption-attachment-5108\" class=\"wp-caption-text\">homuncle de Penfield<\/figcaption><\/figure>\n<p>&nbsp;<\/p>\n<p><span style=\"font-weight: 400;color: #000000\">Un art\u00edculo de: <\/span><\/p>\n<p><span style=\"font-weight: 400;color: #000000\"><strong>Javier Castillo<\/strong> (t\u00e9cnico programa Komt\u00fc)<\/span>[\/vc_column_text][\/vc_column][\/vc_row]<\/p>\n<\/div>","protected":false},"excerpt":{"rendered":"<p>Nuestro d\u00eda a d\u00eda es intenso: pasamos de una situaci\u00f3n a otra casi de forma inmediata, a menudo [&hellip;]<\/p>\n","protected":false},"author":2,"featured_media":5110,"comment_status":"open","ping_status":"open","sticky":false,"template":"","format":"standard","meta":{"footnotes":""},"categories":[5],"tags":[],"class_list":["post-5104","post","type-post","status-publish","format-standard","has-post-thumbnail","hentry","category-actualidad"],"yoast_head":"<!-- This site is optimized with the Yoast SEO plugin v27.4 - https:\/\/yoast.com\/product\/yoast-seo-wordpress\/ -->\n<title>C\u00f3mo relajarnos y cuidarnos con el cuerpo como recurso - Komtu<\/title>\n<meta name=\"description\" content=\"\u00bfQu\u00e9 pasar\u00eda si pusi\u00e9ramos el foco al descansar desde dentro, utilizando el cuerpo como recurso para conectar con un estado de calma?\" \/>\n<meta name=\"robots\" content=\"index, follow, max-snippet:-1, max-image-preview:large, max-video-preview:-1\" \/>\n<link rel=\"canonical\" href=\"https:\/\/www.komtu.org\/es\/actualidad\/2025\/11\/21\/como-relajarnos-y-cuidarnos-con-el-cuerpo-como-recurso\/\" \/>\n<meta property=\"og:locale\" content=\"es_ES\" \/>\n<meta property=\"og:type\" content=\"article\" \/>\n<meta property=\"og:title\" content=\"C\u00f3mo relajarnos y cuidarnos con el cuerpo como recurso - Komtu\" \/>\n<meta property=\"og:description\" content=\"\u00bfQu\u00e9 pasar\u00eda si pusi\u00e9ramos el foco al descansar desde dentro, utilizando el cuerpo como recurso para conectar con un estado de calma?\" \/>\n<meta property=\"og:url\" content=\"https:\/\/www.komtu.org\/es\/actualidad\/2025\/11\/21\/como-relajarnos-y-cuidarnos-con-el-cuerpo-como-recurso\/\" \/>\n<meta property=\"og:site_name\" content=\"Komtu\" \/>\n<meta property=\"article:published_time\" content=\"2025-11-21T09:15:02+00:00\" \/>\n<meta property=\"og:image\" content=\"https:\/\/www.komtu.org\/wp-content\/uploads\/sites\/3\/2025\/11\/MCH_0148-scaled.jpg\" \/>\n\t<meta property=\"og:image:width\" content=\"2560\" \/>\n\t<meta property=\"og:image:height\" content=\"1703\" \/>\n\t<meta property=\"og:image:type\" content=\"image\/jpeg\" \/>\n<meta name=\"author\" content=\"Nous Cims\" \/>\n<meta name=\"twitter:card\" content=\"summary_large_image\" \/>\n<meta name=\"twitter:label1\" content=\"Escrito por\" \/>\n\t<meta name=\"twitter:data1\" content=\"Nous Cims\" \/>\n\t<meta name=\"twitter:label2\" content=\"Tiempo de lectura\" \/>\n\t<meta name=\"twitter:data2\" content=\"6 minutos\" \/>\n<script type=\"application\/ld+json\" class=\"yoast-schema-graph\">{\"@context\":\"https:\\\/\\\/schema.org\",\"@graph\":[{\"@type\":\"Article\",\"@id\":\"https:\\\/\\\/www.komtu.org\\\/es\\\/actualidad\\\/2025\\\/11\\\/21\\\/como-relajarnos-y-cuidarnos-con-el-cuerpo-como-recurso\\\/#article\",\"isPartOf\":{\"@id\":\"https:\\\/\\\/www.komtu.org\\\/es\\\/actualidad\\\/2025\\\/11\\\/21\\\/como-relajarnos-y-cuidarnos-con-el-cuerpo-como-recurso\\\/\"},\"author\":{\"name\":\"Nous Cims\",\"@id\":\"https:\\\/\\\/www.komtu.org\\\/es\\\/#\\\/schema\\\/person\\\/c49be7fd7667a36f1b39c1c5a2becf99\"},\"headline\":\"C\u00f3mo relajarnos y cuidarnos con el cuerpo como recurso\",\"datePublished\":\"2025-11-21T09:15:02+00:00\",\"mainEntityOfPage\":{\"@id\":\"https:\\\/\\\/www.komtu.org\\\/es\\\/actualidad\\\/2025\\\/11\\\/21\\\/como-relajarnos-y-cuidarnos-con-el-cuerpo-como-recurso\\\/\"},\"wordCount\":588,\"commentCount\":0,\"image\":{\"@id\":\"https:\\\/\\\/www.komtu.org\\\/es\\\/actualidad\\\/2025\\\/11\\\/21\\\/como-relajarnos-y-cuidarnos-con-el-cuerpo-como-recurso\\\/#primaryimage\"},\"thumbnailUrl\":\"https:\\\/\\\/www.komtu.org\\\/wp-content\\\/uploads\\\/sites\\\/3\\\/2025\\\/11\\\/MCH_0148-scaled.jpg\",\"articleSection\":[\"Actualidad\"],\"inLanguage\":\"es\",\"potentialAction\":[{\"@type\":\"CommentAction\",\"name\":\"Comment\",\"target\":[\"https:\\\/\\\/www.komtu.org\\\/es\\\/actualidad\\\/2025\\\/11\\\/21\\\/como-relajarnos-y-cuidarnos-con-el-cuerpo-como-recurso\\\/#respond\"]}]},{\"@type\":\"WebPage\",\"@id\":\"https:\\\/\\\/www.komtu.org\\\/es\\\/actualidad\\\/2025\\\/11\\\/21\\\/como-relajarnos-y-cuidarnos-con-el-cuerpo-como-recurso\\\/\",\"url\":\"https:\\\/\\\/www.komtu.org\\\/es\\\/actualidad\\\/2025\\\/11\\\/21\\\/como-relajarnos-y-cuidarnos-con-el-cuerpo-como-recurso\\\/\",\"name\":\"C\u00f3mo relajarnos y cuidarnos con el cuerpo como recurso - Komtu\",\"isPartOf\":{\"@id\":\"https:\\\/\\\/www.komtu.org\\\/es\\\/#website\"},\"primaryImageOfPage\":{\"@id\":\"https:\\\/\\\/www.komtu.org\\\/es\\\/actualidad\\\/2025\\\/11\\\/21\\\/como-relajarnos-y-cuidarnos-con-el-cuerpo-como-recurso\\\/#primaryimage\"},\"image\":{\"@id\":\"https:\\\/\\\/www.komtu.org\\\/es\\\/actualidad\\\/2025\\\/11\\\/21\\\/como-relajarnos-y-cuidarnos-con-el-cuerpo-como-recurso\\\/#primaryimage\"},\"thumbnailUrl\":\"https:\\\/\\\/www.komtu.org\\\/wp-content\\\/uploads\\\/sites\\\/3\\\/2025\\\/11\\\/MCH_0148-scaled.jpg\",\"datePublished\":\"2025-11-21T09:15:02+00:00\",\"author\":{\"@id\":\"https:\\\/\\\/www.komtu.org\\\/es\\\/#\\\/schema\\\/person\\\/c49be7fd7667a36f1b39c1c5a2becf99\"},\"description\":\"\u00bfQu\u00e9 pasar\u00eda si pusi\u00e9ramos el foco al descansar desde dentro, utilizando el cuerpo como recurso para conectar con un estado de calma?\",\"breadcrumb\":{\"@id\":\"https:\\\/\\\/www.komtu.org\\\/es\\\/actualidad\\\/2025\\\/11\\\/21\\\/como-relajarnos-y-cuidarnos-con-el-cuerpo-como-recurso\\\/#breadcrumb\"},\"inLanguage\":\"es\",\"potentialAction\":[{\"@type\":\"ReadAction\",\"target\":[\"https:\\\/\\\/www.komtu.org\\\/es\\\/actualidad\\\/2025\\\/11\\\/21\\\/como-relajarnos-y-cuidarnos-con-el-cuerpo-como-recurso\\\/\"]}]},{\"@type\":\"ImageObject\",\"inLanguage\":\"es\",\"@id\":\"https:\\\/\\\/www.komtu.org\\\/es\\\/actualidad\\\/2025\\\/11\\\/21\\\/como-relajarnos-y-cuidarnos-con-el-cuerpo-como-recurso\\\/#primaryimage\",\"url\":\"https:\\\/\\\/www.komtu.org\\\/wp-content\\\/uploads\\\/sites\\\/3\\\/2025\\\/11\\\/MCH_0148-scaled.jpg\",\"contentUrl\":\"https:\\\/\\\/www.komtu.org\\\/wp-content\\\/uploads\\\/sites\\\/3\\\/2025\\\/11\\\/MCH_0148-scaled.jpg\",\"width\":2560,\"height\":1703,\"caption\":\"MCH_0148.jpg\"},{\"@type\":\"BreadcrumbList\",\"@id\":\"https:\\\/\\\/www.komtu.org\\\/es\\\/actualidad\\\/2025\\\/11\\\/21\\\/como-relajarnos-y-cuidarnos-con-el-cuerpo-como-recurso\\\/#breadcrumb\",\"itemListElement\":[{\"@type\":\"ListItem\",\"position\":1,\"name\":\"Portada\",\"item\":\"https:\\\/\\\/www.komtu.org\\\/es\\\/\"},{\"@type\":\"ListItem\",\"position\":2,\"name\":\"C\u00f3mo relajarnos y cuidarnos con el cuerpo como recurso\"}]},{\"@type\":\"WebSite\",\"@id\":\"https:\\\/\\\/www.komtu.org\\\/es\\\/#website\",\"url\":\"https:\\\/\\\/www.komtu.org\\\/es\\\/\",\"name\":\"Komtu\",\"description\":\"Otro sitio m\u00e1s de Nous Cims sitios\",\"potentialAction\":[{\"@type\":\"SearchAction\",\"target\":{\"@type\":\"EntryPoint\",\"urlTemplate\":\"https:\\\/\\\/www.komtu.org\\\/es\\\/?s={search_term_string}\"},\"query-input\":{\"@type\":\"PropertyValueSpecification\",\"valueRequired\":true,\"valueName\":\"search_term_string\"}}],\"inLanguage\":\"es\"},{\"@type\":\"Person\",\"@id\":\"https:\\\/\\\/www.komtu.org\\\/es\\\/#\\\/schema\\\/person\\\/c49be7fd7667a36f1b39c1c5a2becf99\",\"name\":\"Nous Cims\",\"image\":{\"@type\":\"ImageObject\",\"inLanguage\":\"es\",\"@id\":\"https:\\\/\\\/secure.gravatar.com\\\/avatar\\\/1dd42f1cafb4dfa67ddb690263b49eb6dd0b847386b5e1ee729643a318a2de73?s=96&d=mm&r=g\",\"url\":\"https:\\\/\\\/secure.gravatar.com\\\/avatar\\\/1dd42f1cafb4dfa67ddb690263b49eb6dd0b847386b5e1ee729643a318a2de73?s=96&d=mm&r=g\",\"contentUrl\":\"https:\\\/\\\/secure.gravatar.com\\\/avatar\\\/1dd42f1cafb4dfa67ddb690263b49eb6dd0b847386b5e1ee729643a318a2de73?s=96&d=mm&r=g\",\"caption\":\"Nous Cims\"},\"url\":\"https:\\\/\\\/www.komtu.org\\\/es\\\/author\\\/edelcampo\\\/\"}]}<\/script>\n<!-- \/ Yoast SEO plugin. -->","yoast_head_json":{"title":"C\u00f3mo relajarnos y cuidarnos con el cuerpo como recurso - Komtu","description":"\u00bfQu\u00e9 pasar\u00eda si pusi\u00e9ramos el foco al descansar desde dentro, utilizando el cuerpo como recurso para conectar con un estado de calma?","robots":{"index":"index","follow":"follow","max-snippet":"max-snippet:-1","max-image-preview":"max-image-preview:large","max-video-preview":"max-video-preview:-1"},"canonical":"https:\/\/www.komtu.org\/es\/actualidad\/2025\/11\/21\/como-relajarnos-y-cuidarnos-con-el-cuerpo-como-recurso\/","og_locale":"es_ES","og_type":"article","og_title":"C\u00f3mo relajarnos y cuidarnos con el cuerpo como recurso - Komtu","og_description":"\u00bfQu\u00e9 pasar\u00eda si pusi\u00e9ramos el foco al descansar desde dentro, utilizando el cuerpo como recurso para conectar con un estado de calma?","og_url":"https:\/\/www.komtu.org\/es\/actualidad\/2025\/11\/21\/como-relajarnos-y-cuidarnos-con-el-cuerpo-como-recurso\/","og_site_name":"Komtu","article_published_time":"2025-11-21T09:15:02+00:00","og_image":[{"width":2560,"height":1703,"url":"https:\/\/www.komtu.org\/wp-content\/uploads\/sites\/3\/2025\/11\/MCH_0148-scaled.jpg","type":"image\/jpeg"}],"author":"Nous Cims","twitter_card":"summary_large_image","twitter_misc":{"Escrito por":"Nous Cims","Tiempo de lectura":"6 minutos"},"schema":{"@context":"https:\/\/schema.org","@graph":[{"@type":"Article","@id":"https:\/\/www.komtu.org\/es\/actualidad\/2025\/11\/21\/como-relajarnos-y-cuidarnos-con-el-cuerpo-como-recurso\/#article","isPartOf":{"@id":"https:\/\/www.komtu.org\/es\/actualidad\/2025\/11\/21\/como-relajarnos-y-cuidarnos-con-el-cuerpo-como-recurso\/"},"author":{"name":"Nous Cims","@id":"https:\/\/www.komtu.org\/es\/#\/schema\/person\/c49be7fd7667a36f1b39c1c5a2becf99"},"headline":"C\u00f3mo relajarnos y cuidarnos con el cuerpo como recurso","datePublished":"2025-11-21T09:15:02+00:00","mainEntityOfPage":{"@id":"https:\/\/www.komtu.org\/es\/actualidad\/2025\/11\/21\/como-relajarnos-y-cuidarnos-con-el-cuerpo-como-recurso\/"},"wordCount":588,"commentCount":0,"image":{"@id":"https:\/\/www.komtu.org\/es\/actualidad\/2025\/11\/21\/como-relajarnos-y-cuidarnos-con-el-cuerpo-como-recurso\/#primaryimage"},"thumbnailUrl":"https:\/\/www.komtu.org\/wp-content\/uploads\/sites\/3\/2025\/11\/MCH_0148-scaled.jpg","articleSection":["Actualidad"],"inLanguage":"es","potentialAction":[{"@type":"CommentAction","name":"Comment","target":["https:\/\/www.komtu.org\/es\/actualidad\/2025\/11\/21\/como-relajarnos-y-cuidarnos-con-el-cuerpo-como-recurso\/#respond"]}]},{"@type":"WebPage","@id":"https:\/\/www.komtu.org\/es\/actualidad\/2025\/11\/21\/como-relajarnos-y-cuidarnos-con-el-cuerpo-como-recurso\/","url":"https:\/\/www.komtu.org\/es\/actualidad\/2025\/11\/21\/como-relajarnos-y-cuidarnos-con-el-cuerpo-como-recurso\/","name":"C\u00f3mo relajarnos y cuidarnos con el cuerpo como recurso - Komtu","isPartOf":{"@id":"https:\/\/www.komtu.org\/es\/#website"},"primaryImageOfPage":{"@id":"https:\/\/www.komtu.org\/es\/actualidad\/2025\/11\/21\/como-relajarnos-y-cuidarnos-con-el-cuerpo-como-recurso\/#primaryimage"},"image":{"@id":"https:\/\/www.komtu.org\/es\/actualidad\/2025\/11\/21\/como-relajarnos-y-cuidarnos-con-el-cuerpo-como-recurso\/#primaryimage"},"thumbnailUrl":"https:\/\/www.komtu.org\/wp-content\/uploads\/sites\/3\/2025\/11\/MCH_0148-scaled.jpg","datePublished":"2025-11-21T09:15:02+00:00","author":{"@id":"https:\/\/www.komtu.org\/es\/#\/schema\/person\/c49be7fd7667a36f1b39c1c5a2becf99"},"description":"\u00bfQu\u00e9 pasar\u00eda si pusi\u00e9ramos el foco al descansar desde dentro, utilizando el cuerpo como recurso para conectar con un estado de calma?","breadcrumb":{"@id":"https:\/\/www.komtu.org\/es\/actualidad\/2025\/11\/21\/como-relajarnos-y-cuidarnos-con-el-cuerpo-como-recurso\/#breadcrumb"},"inLanguage":"es","potentialAction":[{"@type":"ReadAction","target":["https:\/\/www.komtu.org\/es\/actualidad\/2025\/11\/21\/como-relajarnos-y-cuidarnos-con-el-cuerpo-como-recurso\/"]}]},{"@type":"ImageObject","inLanguage":"es","@id":"https:\/\/www.komtu.org\/es\/actualidad\/2025\/11\/21\/como-relajarnos-y-cuidarnos-con-el-cuerpo-como-recurso\/#primaryimage","url":"https:\/\/www.komtu.org\/wp-content\/uploads\/sites\/3\/2025\/11\/MCH_0148-scaled.jpg","contentUrl":"https:\/\/www.komtu.org\/wp-content\/uploads\/sites\/3\/2025\/11\/MCH_0148-scaled.jpg","width":2560,"height":1703,"caption":"MCH_0148.jpg"},{"@type":"BreadcrumbList","@id":"https:\/\/www.komtu.org\/es\/actualidad\/2025\/11\/21\/como-relajarnos-y-cuidarnos-con-el-cuerpo-como-recurso\/#breadcrumb","itemListElement":[{"@type":"ListItem","position":1,"name":"Portada","item":"https:\/\/www.komtu.org\/es\/"},{"@type":"ListItem","position":2,"name":"C\u00f3mo relajarnos y cuidarnos con el cuerpo como recurso"}]},{"@type":"WebSite","@id":"https:\/\/www.komtu.org\/es\/#website","url":"https:\/\/www.komtu.org\/es\/","name":"Komtu","description":"Otro sitio m\u00e1s de Nous Cims sitios","potentialAction":[{"@type":"SearchAction","target":{"@type":"EntryPoint","urlTemplate":"https:\/\/www.komtu.org\/es\/?s={search_term_string}"},"query-input":{"@type":"PropertyValueSpecification","valueRequired":true,"valueName":"search_term_string"}}],"inLanguage":"es"},{"@type":"Person","@id":"https:\/\/www.komtu.org\/es\/#\/schema\/person\/c49be7fd7667a36f1b39c1c5a2becf99","name":"Nous Cims","image":{"@type":"ImageObject","inLanguage":"es","@id":"https:\/\/secure.gravatar.com\/avatar\/1dd42f1cafb4dfa67ddb690263b49eb6dd0b847386b5e1ee729643a318a2de73?s=96&d=mm&r=g","url":"https:\/\/secure.gravatar.com\/avatar\/1dd42f1cafb4dfa67ddb690263b49eb6dd0b847386b5e1ee729643a318a2de73?s=96&d=mm&r=g","contentUrl":"https:\/\/secure.gravatar.com\/avatar\/1dd42f1cafb4dfa67ddb690263b49eb6dd0b847386b5e1ee729643a318a2de73?s=96&d=mm&r=g","caption":"Nous Cims"},"url":"https:\/\/www.komtu.org\/es\/author\/edelcampo\/"}]}},"_links":{"self":[{"href":"https:\/\/www.komtu.org\/es\/wp-json\/wp\/v2\/posts\/5104","targetHints":{"allow":["GET"]}}],"collection":[{"href":"https:\/\/www.komtu.org\/es\/wp-json\/wp\/v2\/posts"}],"about":[{"href":"https:\/\/www.komtu.org\/es\/wp-json\/wp\/v2\/types\/post"}],"author":[{"embeddable":true,"href":"https:\/\/www.komtu.org\/es\/wp-json\/wp\/v2\/users\/2"}],"replies":[{"embeddable":true,"href":"https:\/\/www.komtu.org\/es\/wp-json\/wp\/v2\/comments?post=5104"}],"version-history":[{"count":5,"href":"https:\/\/www.komtu.org\/es\/wp-json\/wp\/v2\/posts\/5104\/revisions"}],"predecessor-version":[{"id":5114,"href":"https:\/\/www.komtu.org\/es\/wp-json\/wp\/v2\/posts\/5104\/revisions\/5114"}],"wp:featuredmedia":[{"embeddable":true,"href":"https:\/\/www.komtu.org\/es\/wp-json\/wp\/v2\/media\/5110"}],"wp:attachment":[{"href":"https:\/\/www.komtu.org\/es\/wp-json\/wp\/v2\/media?parent=5104"}],"wp:term":[{"taxonomy":"category","embeddable":true,"href":"https:\/\/www.komtu.org\/es\/wp-json\/wp\/v2\/categories?post=5104"},{"taxonomy":"post_tag","embeddable":true,"href":"https:\/\/www.komtu.org\/es\/wp-json\/wp\/v2\/tags?post=5104"}],"curies":[{"name":"wp","href":"https:\/\/api.w.org\/{rel}","templated":true}]}}