{"id":5094,"date":"2025-11-21T09:33:33","date_gmt":"2025-11-21T08:33:33","guid":{"rendered":"https:\/\/www.komtu.org\/?p=5094"},"modified":"2025-11-21T09:33:33","modified_gmt":"2025-11-21T08:33:33","slug":"las-artes-el-motor-de-la-plasticidad-cerebral-y-el-bienestar-emocional","status":"publish","type":"post","link":"https:\/\/www.komtu.org\/es\/actualidad\/2025\/11\/21\/las-artes-el-motor-de-la-plasticidad-cerebral-y-el-bienestar-emocional\/","title":{"rendered":"Las artes: el motor de la plasticidad cerebral y el bienestar emocional"},"content":{"rendered":"<div class=\"wpb-content-wrapper\"><p>[vc_row][vc_column width=\u00bb1\/1&#8243;][vc_column_text uncode_shortcode_id=\u00bb180490&#8243;]<span style=\"color: #000000\">Una caracter\u00edstica que nos hace genuinamente humanos,\u202fque nos distingue en el reino animal, es nuestra capacidad para crear arte. Desde las primeras vocalizaciones que evolucionaron hacia un lenguaje metaf\u00f3rico y flexible hasta la primera flauta cortada en un hueso hace miles de a\u00f1os, las artes han sido una expresi\u00f3n fundamental de nuestra especie. Esta capacidad no es un simple adornamiento cultural; es una herramienta poderosa que modela nuestro cerebro, impulsa el aprendizaje y nutre nuestro bienestar emocional.\u202f\u00a0<\/span><\/p>\n<p><span style=\"color: #000000\">Desde la perspectiva de la neurociencia, integrar las artes en la educaci\u00f3n es imprescindible. Las experiencias art\u00edsticas vivenciales alimentan la plasticidad cerebral, es decir, favorecen la capacidad del cerebro para cambiar y adaptarse. Cuando los ni\u00f1os y ni\u00f1as se sumergen en la m\u00fasica, el teatro, la pintura o la danza, no solo se divierten, est\u00e1n construyendo activamente las autopistas neuronales que sustentar\u00e1n la capacidad de aprender, crear y conectar con otras personas a lo largo de toda la vida.<\/span><\/p>\n<h3><span style=\"color: #000000\">\u00bfQu\u00e9 suponen las artes desde la perspectiva de la neurociencia?<\/span><\/h3>\n<p><span style=\"color: #000000\">M\u00e1s all\u00e1 de una t\u00e9cnica o producto final, las artes son, en esencia, un ejercicio de flexibilidad, creatividad y simbolismo. Cuando un ni\u00f1o interpreta un personaje en una obra de teatro, filtra este rol a trav\u00e9s de su propia manera de ser y de sentir, un acto profundamente creativo y personal. Un simple trazo puede representar una idea compleja y una melod\u00eda puede evocar una emoci\u00f3n profunda.\u202f\u202f\u00a0<\/span><\/p>\n<p><span style=\"color: #000000\">Esta capacidad por aquello que es simb\u00f3lico y abstracto es lo que permiti\u00f3 la evoluci\u00f3n del lenguaje. Esta evoluci\u00f3n no habr\u00eda sido posible sin un cambio en nuestra laringe y, fundamentalmente, sin un cerebro preparado para la flexibilidad. Por lo tanto, las artes son una manifestaci\u00f3n directa de las mismas cualidades que nos permitieron desarrollar la comunicaci\u00f3n compleja y, gracias a esta, la cultura.<\/span><\/p>\n<h3><span style=\"color: #000000\">El impacto de las artes en un cerebro en proceso de aprendizaje<\/span><\/h3>\n<p><span style=\"color: #000000\">Un sistema educativo que pretenda acompa\u00f1ar el desarrollo integral de los ni\u00f1os tiene que centrarse a alimentar la plasticidad del cerebro. \u00bfY como se consigue? A trav\u00e9s de experiencias vivenciales, significativas y, si puede ser, multisensoriales. Aqu\u00ed es donde las artes juegan un papel insustituible.<\/span><\/p>\n<p><span style=\"color: #000000\"><b>1. Fomentando la creatividad y el pensamiento flexible<\/b><\/span><\/p>\n<p><span style=\"color: #000000\">Para ser creativos, necesitamos conocimientos y experiencias previas para poder combinar de maneras nuevas e inesperadas. Las artes son un laboratorio perfecto para este proceso. Ofrecen una infinidad de lenguajes y herramientas para que los ni\u00f1os exploren, combinen y transformen ideas. Cuanto m\u00e1s integramos las artes en todas las \u00e1reas del curr\u00edculum, desde las matem\u00e1ticas hasta las ciencias sociales, m\u00e1s estaremos favoreciendo un cerebro pl\u00e1stico y capaz de encontrar soluciones originales en los problemas.\u202f\u202f\u00a0<\/span><\/p>\n<p><span style=\"color: #000000\">El juego infantil, de hecho, es teatro en estado puro. Es una representaci\u00f3n simb\u00f3lica y creativa de la realidad que les permite procesar el mundo. En cambio, el uso excesivo de pantallas limita esta experiencia a dos sentidos (vista y o\u00eddo), hay una interacci\u00f3n a menudo pasiva, restando oportunidades para un desarrollo sensorial completo y una exploraci\u00f3n creativa activa.<\/span><\/p>\n<p><span style=\"color: #000000\"><b>2. El papel clave del estado emocional al aprendizaje<\/b><\/span><\/p>\n<p><span style=\"color: #000000\">La neurociencia nos muestra que no aprendemos en un vac\u00edo emocional. El estado en el que nos encontramos condiciona completamente nuestra capacidad para asimilar nueva informaci\u00f3n. No se trata de buscar sensaciones positivas (alegr\u00eda, amor&#8230;) y evitar las negativas (miedo, ansiedad, ira&#8230;), sino de comprender qu\u00e9 sensaciones nos abren al aprendizaje y cu\u00e1les nos cierran. Una sensaci\u00f3n de incomodidad o de miedo, por ejemplo, puede hacer que un ni\u00f1o no quiera volver a participar en una actividad teatral, bloqueando una v\u00eda de expresi\u00f3n valiosa.\u202f\u202f\u00a0<\/span><\/p>\n<p><span style=\"color: #000000\">Hay dos estados emocionales proactivos que son especialmente potentes para el aprendizaje y que las artes ayudan a promover:<\/span><\/p>\n<ul>\n<li data-leveltext=\"\uf0b7\" data-font=\"Symbol\" data-listid=\"3\" data-list-defn-props=\"{&quot;335552541&quot;:1,&quot;335559685&quot;:720,&quot;335559991&quot;:360,&quot;469769226&quot;:&quot;Symbol&quot;,&quot;469769242&quot;:[8226],&quot;469777803&quot;:&quot;left&quot;,&quot;469777804&quot;:&quot;\uf0b7&quot;,&quot;469777815&quot;:&quot;multilevel&quot;}\" data-aria-posinset=\"1\" data-aria-level=\"1\"><span style=\"color: #000000\">La <strong>curiosidad<\/strong>: Entendida como una manifestaci\u00f3n de la sorpresa, la curiosidad es el verdadero motor del aprendizaje. Activa la motivaci\u00f3n, y la motivaci\u00f3n pone en marcha nuestro cerebro: aumenta el flujo de sangre, glucosa y ox\u00edgeno, haci\u00e9ndonos m\u00e1s eficientes. Neurol\u00f3gicamente, se activa el cuerpo estriado, una zona del cerebro vinculada a la sensaci\u00f3n de recompensa. Cuando algo nos genera curiosidad, aprender se convierte en una experiencia placentera.\u202f <\/span><\/li>\n<li data-leveltext=\"\uf0b7\" data-font=\"Symbol\" data-listid=\"3\" data-list-defn-props=\"{&quot;335552541&quot;:1,&quot;335559685&quot;:720,&quot;335559991&quot;:360,&quot;469769226&quot;:&quot;Symbol&quot;,&quot;469769242&quot;:[8226],&quot;469777803&quot;:&quot;left&quot;,&quot;469777804&quot;:&quot;\uf0b7&quot;,&quot;469777815&quot;:&quot;multilevel&quot;}\" data-aria-posinset=\"1\" data-aria-level=\"1\"><span style=\"color: #000000\">La <strong>confianza<\/strong>: Si como adultos confiamos en las capacidades de nuestro alumnado, confiar\u00e1n en nosotros y, lo que es m\u00e1s importante, en s\u00ed mismos. La confianza es contagiosa. La autoconfianza es fundamental para atreverse a explorar, equivocarse y tomar decisiones. Las artes, al permitir que cada ni\u00f1o se exprese desde la singularidad y al valorar el proceso por encima del resultado, son una herramienta extraordinaria para construir una autoconfianza s\u00f3lida.<\/span><\/li>\n<\/ul>\n<p><span style=\"color: #000000\">\u202f <strong>3. Conectando cuerpo y mente para un aprendizaje integral<\/strong><\/span><\/p>\n<p><span style=\"color: #000000\">Nacemos con todos nuestros sentidos preparados para explorar el mundo, mucho m\u00e1s all\u00e1 de los cinco que tradicionalmente denominamos. Somos una unidad de cerebro y cuerpo, y el aprendizaje es m\u00e1s profundo y duradero cuando se involucra la multisensorialidad.\u202f\u00a0<\/span><\/p>\n<p><span style=\"color: #000000\">La danza requiere conciencia corporal; la m\u00fasica, una escucha atenta; el modelado, el sentido del tacto; el teatro, la expresi\u00f3n gestual y vocal. Si integramos el cuerpo y los sentidos en el proceso de aprendizaje, no solo lo hacemos m\u00e1s atractivo, sino que consolidamos las conexiones neuronales de manera mucho m\u00e1s robusta.<\/span><\/p>\n<h3><span style=\"color: #000000\">Como integrar las artes en el d\u00eda a d\u00eda<\/span><\/h3>\n<p><span style=\"color: #000000\">Reconocer los beneficios de las artes es el primer paso. El siguiente es crear espacios y tiempos para que puedan florecer tanto en la escuela como en casa.<\/span><\/p>\n<ul>\n<li data-leveltext=\"\uf0b7\" data-font=\"Symbol\" data-listid=\"6\" data-list-defn-props=\"{&quot;335552541&quot;:1,&quot;335559685&quot;:720,&quot;335559991&quot;:360,&quot;469769226&quot;:&quot;Symbol&quot;,&quot;469769242&quot;:[8226],&quot;469777803&quot;:&quot;left&quot;,&quot;469777804&quot;:&quot;\uf0b7&quot;,&quot;469777815&quot;:&quot;multilevel&quot;}\" data-aria-posinset=\"1\" data-aria-level=\"1\"><span style=\"color: #000000\"><strong>Integrar, no solo a\u00f1adir:<\/strong> En lugar de tratar las artes como una asignatura aislada, podemos buscar maneras de integrarlas en otros aprendizajes. Podemos representar crear una canci\u00f3n para recordar una f\u00f3rmula matem\u00e1tica o modelar con arcilla el ciclo del agua.\u202f <\/span><\/li>\n<li data-leveltext=\"\uf0b7\" data-font=\"Symbol\" data-listid=\"6\" data-list-defn-props=\"{&quot;335552541&quot;:1,&quot;335559685&quot;:720,&quot;335559991&quot;:360,&quot;469769226&quot;:&quot;Symbol&quot;,&quot;469769242&quot;:[8226],&quot;469777803&quot;:&quot;left&quot;,&quot;469777804&quot;:&quot;\uf0b7&quot;,&quot;469777815&quot;:&quot;multilevel&quot;}\" data-aria-posinset=\"1\" data-aria-level=\"1\"><span style=\"color: #000000\"><strong>Valorar el proceso<\/strong>: El objetivo no es crear artistas profesionales, sino acompa\u00f1ar personas creativas y seguras. Es fundamental poner el foco en la exploraci\u00f3n, el esfuerzo y la expresi\u00f3n personal.\u202f <\/span><\/li>\n<li data-leveltext=\"\uf0b7\" data-font=\"Symbol\" data-listid=\"6\" data-list-defn-props=\"{&quot;335552541&quot;:1,&quot;335559685&quot;:720,&quot;335559991&quot;:360,&quot;469769226&quot;:&quot;Symbol&quot;,&quot;469769242&quot;:[8226],&quot;469777803&quot;:&quot;left&quot;,&quot;469777804&quot;:&quot;\uf0b7&quot;,&quot;469777815&quot;:&quot;multilevel&quot;}\" data-aria-posinset=\"1\" data-aria-level=\"1\"><span style=\"color: #000000\"><strong>Proveer materiales diversos y poco estructurados<\/strong>: Materiales como teles, cajas de cart\u00f3n, elementos naturales, pinturas o arcilla invitan a la creaci\u00f3n libre y al desarrollo de la imaginaci\u00f3n, a diferencia de los juguetes con un \u00fanico prop\u00f3sito.\u202f\u202f <\/span><\/li>\n<li data-leveltext=\"\uf0b7\" data-font=\"Symbol\" data-listid=\"6\" data-list-defn-props=\"{&quot;335552541&quot;:1,&quot;335559685&quot;:720,&quot;335559991&quot;:360,&quot;469769226&quot;:&quot;Symbol&quot;,&quot;469769242&quot;:[8226],&quot;469777803&quot;:&quot;left&quot;,&quot;469777804&quot;:&quot;\uf0b7&quot;,&quot;469777815&quot;:&quot;multilevel&quot;}\" data-aria-posinset=\"1\" data-aria-level=\"1\"><span style=\"color: #000000\"><strong>Ser modelos de confianza<\/strong>: Nuestra actitud como adultos es clave. Si mostramos confianza en sus procesos creativos, sin juzgar ni corregir constantemente, damos el permiso que necesitan para explorar y expresarse libremente.<\/span><\/li>\n<\/ul>\n<p><span style=\"color: #000000\">En definitiva, apostar por las artes en la educaci\u00f3n es apostar por el desarrollo de personas m\u00e1s flexibles, creativas, emp\u00e1ticas y seguras de s\u00ed mismas.<\/span><\/p>\n<p><span style=\"font-weight: 400;color: #000000\">Un art\u00edculo de: <\/span><\/p>\n<p><span style=\"font-weight: 400;color: #000000\"><strong>Ana Caruezo<\/strong> (comunicadora cient\u00edfica y social)<\/span>[\/vc_column_text][\/vc_column][\/vc_row]<\/p>\n<\/div>","protected":false},"excerpt":{"rendered":"<p>Una caracter\u00edstica que nos hace genuinamente humanos,\u202fque nos distingue en el reino animal, es nuestra capacidad para crear [&hellip;]<\/p>\n","protected":false},"author":2,"featured_media":5098,"comment_status":"open","ping_status":"open","sticky":false,"template":"","format":"standard","meta":{"footnotes":""},"categories":[5],"tags":[],"class_list":["post-5094","post","type-post","status-publish","format-standard","has-post-thumbnail","hentry","category-actualidad"],"yoast_head":"<!-- This site is optimized with the Yoast SEO plugin v27.4 - https:\/\/yoast.com\/product\/yoast-seo-wordpress\/ -->\n<title>Las artes: el motor de la plasticidad cerebral y el bienestar emocional - Komtu<\/title>\n<meta name=\"description\" content=\"Integrar las artes en la educaci\u00f3n es imprescindible. Las experiencias art\u00edsticas vivenciales alimentan la plasticidad cerebral.\" \/>\n<meta name=\"robots\" content=\"index, follow, max-snippet:-1, max-image-preview:large, max-video-preview:-1\" \/>\n<link rel=\"canonical\" href=\"https:\/\/www.komtu.org\/es\/actualidad\/2025\/11\/21\/las-artes-el-motor-de-la-plasticidad-cerebral-y-el-bienestar-emocional\/\" \/>\n<meta property=\"og:locale\" content=\"es_ES\" \/>\n<meta property=\"og:type\" content=\"article\" \/>\n<meta property=\"og:title\" content=\"Las artes: el motor de la plasticidad cerebral y el bienestar emocional - Komtu\" \/>\n<meta property=\"og:description\" content=\"Integrar las artes en la educaci\u00f3n es imprescindible. Las experiencias art\u00edsticas vivenciales alimentan la plasticidad cerebral.\" \/>\n<meta property=\"og:url\" content=\"https:\/\/www.komtu.org\/es\/actualidad\/2025\/11\/21\/las-artes-el-motor-de-la-plasticidad-cerebral-y-el-bienestar-emocional\/\" \/>\n<meta property=\"og:site_name\" content=\"Komtu\" \/>\n<meta property=\"article:published_time\" content=\"2025-11-21T08:33:33+00:00\" \/>\n<meta property=\"og:image\" content=\"https:\/\/www.komtu.org\/wp-content\/uploads\/sites\/3\/2025\/11\/MCH_9077-scaled.jpg\" \/>\n\t<meta property=\"og:image:width\" content=\"2560\" \/>\n\t<meta property=\"og:image:height\" content=\"1703\" \/>\n\t<meta property=\"og:image:type\" content=\"image\/jpeg\" \/>\n<meta name=\"author\" content=\"Nous Cims\" \/>\n<meta name=\"twitter:card\" content=\"summary_large_image\" \/>\n<meta name=\"twitter:label1\" content=\"Escrito por\" \/>\n\t<meta name=\"twitter:data1\" content=\"Nous Cims\" \/>\n\t<meta name=\"twitter:label2\" content=\"Tiempo de lectura\" \/>\n\t<meta name=\"twitter:data2\" content=\"6 minutos\" \/>\n<script type=\"application\/ld+json\" class=\"yoast-schema-graph\">{\"@context\":\"https:\\\/\\\/schema.org\",\"@graph\":[{\"@type\":\"Article\",\"@id\":\"https:\\\/\\\/www.komtu.org\\\/es\\\/actualidad\\\/2025\\\/11\\\/21\\\/las-artes-el-motor-de-la-plasticidad-cerebral-y-el-bienestar-emocional\\\/#article\",\"isPartOf\":{\"@id\":\"https:\\\/\\\/www.komtu.org\\\/es\\\/actualidad\\\/2025\\\/11\\\/21\\\/las-artes-el-motor-de-la-plasticidad-cerebral-y-el-bienestar-emocional\\\/\"},\"author\":{\"name\":\"Nous Cims\",\"@id\":\"https:\\\/\\\/www.komtu.org\\\/es\\\/#\\\/schema\\\/person\\\/c49be7fd7667a36f1b39c1c5a2becf99\"},\"headline\":\"Las artes: el motor de la plasticidad cerebral y el bienestar emocional\",\"datePublished\":\"2025-11-21T08:33:33+00:00\",\"mainEntityOfPage\":{\"@id\":\"https:\\\/\\\/www.komtu.org\\\/es\\\/actualidad\\\/2025\\\/11\\\/21\\\/las-artes-el-motor-de-la-plasticidad-cerebral-y-el-bienestar-emocional\\\/\"},\"wordCount\":1163,\"commentCount\":0,\"image\":{\"@id\":\"https:\\\/\\\/www.komtu.org\\\/es\\\/actualidad\\\/2025\\\/11\\\/21\\\/las-artes-el-motor-de-la-plasticidad-cerebral-y-el-bienestar-emocional\\\/#primaryimage\"},\"thumbnailUrl\":\"https:\\\/\\\/www.komtu.org\\\/wp-content\\\/uploads\\\/sites\\\/3\\\/2025\\\/11\\\/MCH_9077-scaled.jpg\",\"articleSection\":[\"Actualidad\"],\"inLanguage\":\"es\",\"potentialAction\":[{\"@type\":\"CommentAction\",\"name\":\"Comment\",\"target\":[\"https:\\\/\\\/www.komtu.org\\\/es\\\/actualidad\\\/2025\\\/11\\\/21\\\/las-artes-el-motor-de-la-plasticidad-cerebral-y-el-bienestar-emocional\\\/#respond\"]}]},{\"@type\":\"WebPage\",\"@id\":\"https:\\\/\\\/www.komtu.org\\\/es\\\/actualidad\\\/2025\\\/11\\\/21\\\/las-artes-el-motor-de-la-plasticidad-cerebral-y-el-bienestar-emocional\\\/\",\"url\":\"https:\\\/\\\/www.komtu.org\\\/es\\\/actualidad\\\/2025\\\/11\\\/21\\\/las-artes-el-motor-de-la-plasticidad-cerebral-y-el-bienestar-emocional\\\/\",\"name\":\"Las artes: el motor de la plasticidad cerebral y el bienestar emocional - Komtu\",\"isPartOf\":{\"@id\":\"https:\\\/\\\/www.komtu.org\\\/es\\\/#website\"},\"primaryImageOfPage\":{\"@id\":\"https:\\\/\\\/www.komtu.org\\\/es\\\/actualidad\\\/2025\\\/11\\\/21\\\/las-artes-el-motor-de-la-plasticidad-cerebral-y-el-bienestar-emocional\\\/#primaryimage\"},\"image\":{\"@id\":\"https:\\\/\\\/www.komtu.org\\\/es\\\/actualidad\\\/2025\\\/11\\\/21\\\/las-artes-el-motor-de-la-plasticidad-cerebral-y-el-bienestar-emocional\\\/#primaryimage\"},\"thumbnailUrl\":\"https:\\\/\\\/www.komtu.org\\\/wp-content\\\/uploads\\\/sites\\\/3\\\/2025\\\/11\\\/MCH_9077-scaled.jpg\",\"datePublished\":\"2025-11-21T08:33:33+00:00\",\"author\":{\"@id\":\"https:\\\/\\\/www.komtu.org\\\/es\\\/#\\\/schema\\\/person\\\/c49be7fd7667a36f1b39c1c5a2becf99\"},\"description\":\"Integrar las artes en la educaci\u00f3n es imprescindible. Las experiencias art\u00edsticas vivenciales alimentan la plasticidad cerebral.\",\"breadcrumb\":{\"@id\":\"https:\\\/\\\/www.komtu.org\\\/es\\\/actualidad\\\/2025\\\/11\\\/21\\\/las-artes-el-motor-de-la-plasticidad-cerebral-y-el-bienestar-emocional\\\/#breadcrumb\"},\"inLanguage\":\"es\",\"potentialAction\":[{\"@type\":\"ReadAction\",\"target\":[\"https:\\\/\\\/www.komtu.org\\\/es\\\/actualidad\\\/2025\\\/11\\\/21\\\/las-artes-el-motor-de-la-plasticidad-cerebral-y-el-bienestar-emocional\\\/\"]}]},{\"@type\":\"ImageObject\",\"inLanguage\":\"es\",\"@id\":\"https:\\\/\\\/www.komtu.org\\\/es\\\/actualidad\\\/2025\\\/11\\\/21\\\/las-artes-el-motor-de-la-plasticidad-cerebral-y-el-bienestar-emocional\\\/#primaryimage\",\"url\":\"https:\\\/\\\/www.komtu.org\\\/wp-content\\\/uploads\\\/sites\\\/3\\\/2025\\\/11\\\/MCH_9077-scaled.jpg\",\"contentUrl\":\"https:\\\/\\\/www.komtu.org\\\/wp-content\\\/uploads\\\/sites\\\/3\\\/2025\\\/11\\\/MCH_9077-scaled.jpg\",\"width\":2560,\"height\":1703,\"caption\":\"MCH_9077.jpg\"},{\"@type\":\"BreadcrumbList\",\"@id\":\"https:\\\/\\\/www.komtu.org\\\/es\\\/actualidad\\\/2025\\\/11\\\/21\\\/las-artes-el-motor-de-la-plasticidad-cerebral-y-el-bienestar-emocional\\\/#breadcrumb\",\"itemListElement\":[{\"@type\":\"ListItem\",\"position\":1,\"name\":\"Portada\",\"item\":\"https:\\\/\\\/www.komtu.org\\\/es\\\/\"},{\"@type\":\"ListItem\",\"position\":2,\"name\":\"Las artes: el motor de la plasticidad cerebral y el bienestar emocional\"}]},{\"@type\":\"WebSite\",\"@id\":\"https:\\\/\\\/www.komtu.org\\\/es\\\/#website\",\"url\":\"https:\\\/\\\/www.komtu.org\\\/es\\\/\",\"name\":\"Komtu\",\"description\":\"Otro sitio m\u00e1s de Nous Cims sitios\",\"potentialAction\":[{\"@type\":\"SearchAction\",\"target\":{\"@type\":\"EntryPoint\",\"urlTemplate\":\"https:\\\/\\\/www.komtu.org\\\/es\\\/?s={search_term_string}\"},\"query-input\":{\"@type\":\"PropertyValueSpecification\",\"valueRequired\":true,\"valueName\":\"search_term_string\"}}],\"inLanguage\":\"es\"},{\"@type\":\"Person\",\"@id\":\"https:\\\/\\\/www.komtu.org\\\/es\\\/#\\\/schema\\\/person\\\/c49be7fd7667a36f1b39c1c5a2becf99\",\"name\":\"Nous Cims\",\"image\":{\"@type\":\"ImageObject\",\"inLanguage\":\"es\",\"@id\":\"https:\\\/\\\/secure.gravatar.com\\\/avatar\\\/1dd42f1cafb4dfa67ddb690263b49eb6dd0b847386b5e1ee729643a318a2de73?s=96&d=mm&r=g\",\"url\":\"https:\\\/\\\/secure.gravatar.com\\\/avatar\\\/1dd42f1cafb4dfa67ddb690263b49eb6dd0b847386b5e1ee729643a318a2de73?s=96&d=mm&r=g\",\"contentUrl\":\"https:\\\/\\\/secure.gravatar.com\\\/avatar\\\/1dd42f1cafb4dfa67ddb690263b49eb6dd0b847386b5e1ee729643a318a2de73?s=96&d=mm&r=g\",\"caption\":\"Nous Cims\"},\"url\":\"https:\\\/\\\/www.komtu.org\\\/es\\\/author\\\/edelcampo\\\/\"}]}<\/script>\n<!-- \/ Yoast SEO plugin. -->","yoast_head_json":{"title":"Las artes: el motor de la plasticidad cerebral y el bienestar emocional - Komtu","description":"Integrar las artes en la educaci\u00f3n es imprescindible. Las experiencias art\u00edsticas vivenciales alimentan la plasticidad cerebral.","robots":{"index":"index","follow":"follow","max-snippet":"max-snippet:-1","max-image-preview":"max-image-preview:large","max-video-preview":"max-video-preview:-1"},"canonical":"https:\/\/www.komtu.org\/es\/actualidad\/2025\/11\/21\/las-artes-el-motor-de-la-plasticidad-cerebral-y-el-bienestar-emocional\/","og_locale":"es_ES","og_type":"article","og_title":"Las artes: el motor de la plasticidad cerebral y el bienestar emocional - Komtu","og_description":"Integrar las artes en la educaci\u00f3n es imprescindible. Las experiencias art\u00edsticas vivenciales alimentan la plasticidad cerebral.","og_url":"https:\/\/www.komtu.org\/es\/actualidad\/2025\/11\/21\/las-artes-el-motor-de-la-plasticidad-cerebral-y-el-bienestar-emocional\/","og_site_name":"Komtu","article_published_time":"2025-11-21T08:33:33+00:00","og_image":[{"width":2560,"height":1703,"url":"https:\/\/www.komtu.org\/wp-content\/uploads\/sites\/3\/2025\/11\/MCH_9077-scaled.jpg","type":"image\/jpeg"}],"author":"Nous Cims","twitter_card":"summary_large_image","twitter_misc":{"Escrito por":"Nous Cims","Tiempo de lectura":"6 minutos"},"schema":{"@context":"https:\/\/schema.org","@graph":[{"@type":"Article","@id":"https:\/\/www.komtu.org\/es\/actualidad\/2025\/11\/21\/las-artes-el-motor-de-la-plasticidad-cerebral-y-el-bienestar-emocional\/#article","isPartOf":{"@id":"https:\/\/www.komtu.org\/es\/actualidad\/2025\/11\/21\/las-artes-el-motor-de-la-plasticidad-cerebral-y-el-bienestar-emocional\/"},"author":{"name":"Nous Cims","@id":"https:\/\/www.komtu.org\/es\/#\/schema\/person\/c49be7fd7667a36f1b39c1c5a2becf99"},"headline":"Las artes: el motor de la plasticidad cerebral y el bienestar emocional","datePublished":"2025-11-21T08:33:33+00:00","mainEntityOfPage":{"@id":"https:\/\/www.komtu.org\/es\/actualidad\/2025\/11\/21\/las-artes-el-motor-de-la-plasticidad-cerebral-y-el-bienestar-emocional\/"},"wordCount":1163,"commentCount":0,"image":{"@id":"https:\/\/www.komtu.org\/es\/actualidad\/2025\/11\/21\/las-artes-el-motor-de-la-plasticidad-cerebral-y-el-bienestar-emocional\/#primaryimage"},"thumbnailUrl":"https:\/\/www.komtu.org\/wp-content\/uploads\/sites\/3\/2025\/11\/MCH_9077-scaled.jpg","articleSection":["Actualidad"],"inLanguage":"es","potentialAction":[{"@type":"CommentAction","name":"Comment","target":["https:\/\/www.komtu.org\/es\/actualidad\/2025\/11\/21\/las-artes-el-motor-de-la-plasticidad-cerebral-y-el-bienestar-emocional\/#respond"]}]},{"@type":"WebPage","@id":"https:\/\/www.komtu.org\/es\/actualidad\/2025\/11\/21\/las-artes-el-motor-de-la-plasticidad-cerebral-y-el-bienestar-emocional\/","url":"https:\/\/www.komtu.org\/es\/actualidad\/2025\/11\/21\/las-artes-el-motor-de-la-plasticidad-cerebral-y-el-bienestar-emocional\/","name":"Las artes: el motor de la plasticidad cerebral y el bienestar emocional - Komtu","isPartOf":{"@id":"https:\/\/www.komtu.org\/es\/#website"},"primaryImageOfPage":{"@id":"https:\/\/www.komtu.org\/es\/actualidad\/2025\/11\/21\/las-artes-el-motor-de-la-plasticidad-cerebral-y-el-bienestar-emocional\/#primaryimage"},"image":{"@id":"https:\/\/www.komtu.org\/es\/actualidad\/2025\/11\/21\/las-artes-el-motor-de-la-plasticidad-cerebral-y-el-bienestar-emocional\/#primaryimage"},"thumbnailUrl":"https:\/\/www.komtu.org\/wp-content\/uploads\/sites\/3\/2025\/11\/MCH_9077-scaled.jpg","datePublished":"2025-11-21T08:33:33+00:00","author":{"@id":"https:\/\/www.komtu.org\/es\/#\/schema\/person\/c49be7fd7667a36f1b39c1c5a2becf99"},"description":"Integrar las artes en la educaci\u00f3n es imprescindible. Las experiencias art\u00edsticas vivenciales alimentan la plasticidad cerebral.","breadcrumb":{"@id":"https:\/\/www.komtu.org\/es\/actualidad\/2025\/11\/21\/las-artes-el-motor-de-la-plasticidad-cerebral-y-el-bienestar-emocional\/#breadcrumb"},"inLanguage":"es","potentialAction":[{"@type":"ReadAction","target":["https:\/\/www.komtu.org\/es\/actualidad\/2025\/11\/21\/las-artes-el-motor-de-la-plasticidad-cerebral-y-el-bienestar-emocional\/"]}]},{"@type":"ImageObject","inLanguage":"es","@id":"https:\/\/www.komtu.org\/es\/actualidad\/2025\/11\/21\/las-artes-el-motor-de-la-plasticidad-cerebral-y-el-bienestar-emocional\/#primaryimage","url":"https:\/\/www.komtu.org\/wp-content\/uploads\/sites\/3\/2025\/11\/MCH_9077-scaled.jpg","contentUrl":"https:\/\/www.komtu.org\/wp-content\/uploads\/sites\/3\/2025\/11\/MCH_9077-scaled.jpg","width":2560,"height":1703,"caption":"MCH_9077.jpg"},{"@type":"BreadcrumbList","@id":"https:\/\/www.komtu.org\/es\/actualidad\/2025\/11\/21\/las-artes-el-motor-de-la-plasticidad-cerebral-y-el-bienestar-emocional\/#breadcrumb","itemListElement":[{"@type":"ListItem","position":1,"name":"Portada","item":"https:\/\/www.komtu.org\/es\/"},{"@type":"ListItem","position":2,"name":"Las artes: el motor de la plasticidad cerebral y el bienestar emocional"}]},{"@type":"WebSite","@id":"https:\/\/www.komtu.org\/es\/#website","url":"https:\/\/www.komtu.org\/es\/","name":"Komtu","description":"Otro sitio m\u00e1s de Nous Cims sitios","potentialAction":[{"@type":"SearchAction","target":{"@type":"EntryPoint","urlTemplate":"https:\/\/www.komtu.org\/es\/?s={search_term_string}"},"query-input":{"@type":"PropertyValueSpecification","valueRequired":true,"valueName":"search_term_string"}}],"inLanguage":"es"},{"@type":"Person","@id":"https:\/\/www.komtu.org\/es\/#\/schema\/person\/c49be7fd7667a36f1b39c1c5a2becf99","name":"Nous Cims","image":{"@type":"ImageObject","inLanguage":"es","@id":"https:\/\/secure.gravatar.com\/avatar\/1dd42f1cafb4dfa67ddb690263b49eb6dd0b847386b5e1ee729643a318a2de73?s=96&d=mm&r=g","url":"https:\/\/secure.gravatar.com\/avatar\/1dd42f1cafb4dfa67ddb690263b49eb6dd0b847386b5e1ee729643a318a2de73?s=96&d=mm&r=g","contentUrl":"https:\/\/secure.gravatar.com\/avatar\/1dd42f1cafb4dfa67ddb690263b49eb6dd0b847386b5e1ee729643a318a2de73?s=96&d=mm&r=g","caption":"Nous Cims"},"url":"https:\/\/www.komtu.org\/es\/author\/edelcampo\/"}]}},"_links":{"self":[{"href":"https:\/\/www.komtu.org\/es\/wp-json\/wp\/v2\/posts\/5094","targetHints":{"allow":["GET"]}}],"collection":[{"href":"https:\/\/www.komtu.org\/es\/wp-json\/wp\/v2\/posts"}],"about":[{"href":"https:\/\/www.komtu.org\/es\/wp-json\/wp\/v2\/types\/post"}],"author":[{"embeddable":true,"href":"https:\/\/www.komtu.org\/es\/wp-json\/wp\/v2\/users\/2"}],"replies":[{"embeddable":true,"href":"https:\/\/www.komtu.org\/es\/wp-json\/wp\/v2\/comments?post=5094"}],"version-history":[{"count":5,"href":"https:\/\/www.komtu.org\/es\/wp-json\/wp\/v2\/posts\/5094\/revisions"}],"predecessor-version":[{"id":5102,"href":"https:\/\/www.komtu.org\/es\/wp-json\/wp\/v2\/posts\/5094\/revisions\/5102"}],"wp:featuredmedia":[{"embeddable":true,"href":"https:\/\/www.komtu.org\/es\/wp-json\/wp\/v2\/media\/5098"}],"wp:attachment":[{"href":"https:\/\/www.komtu.org\/es\/wp-json\/wp\/v2\/media?parent=5094"}],"wp:term":[{"taxonomy":"category","embeddable":true,"href":"https:\/\/www.komtu.org\/es\/wp-json\/wp\/v2\/categories?post=5094"},{"taxonomy":"post_tag","embeddable":true,"href":"https:\/\/www.komtu.org\/es\/wp-json\/wp\/v2\/tags?post=5094"}],"curies":[{"name":"wp","href":"https:\/\/api.w.org\/{rel}","templated":true}]}}