{"id":1341,"date":"2021-04-22T10:26:01","date_gmt":"2021-04-22T08:26:01","guid":{"rendered":"https:\/\/www.komtu.org\/?p=1341"},"modified":"2021-04-22T10:26:01","modified_gmt":"2021-04-22T08:26:01","slug":"10-libros-para-trabajar-las-emociones-con-ninos-y-ninas","status":"publish","type":"post","link":"https:\/\/www.komtu.org\/es\/actualidad\/2021\/04\/22\/10-libros-para-trabajar-las-emociones-con-ninos-y-ninas\/","title":{"rendered":"10 libros para trabajar las emociones con ni\u00f1os y ni\u00f1as"},"content":{"rendered":"<div class=\"wpb-content-wrapper\"><p>[vc_row][vc_column][vc_column_text]Cualquier lectura, si es de calidad, puede ser de ayuda para trabajar las emociones con los ni\u00f1os y ni\u00f1as. De hecho, un buen libro siempre plantear\u00e1 situaciones con las que los ni\u00f1os se pueden identificar, conectar sentimientos y permitir una mirada interior a partir de la historia de un personaje.<\/p>\n<p>Entre tantos t\u00edtulos para elegir, el equipo del <a href=\"https:\/\/www.komtu.org\/es\/sobre-komtu\/\">programa Komt\u00fc<\/a> ha seleccionado algunas lecturas que nos ayudar\u00e1n a hacer refuerzo positivo y transmitir valores:[\/vc_column_text][\/vc_column][\/vc_row][vc_row][vc_column width=\u00bb5\/6&#8243;][vc_column_text]<\/p>\n<h4><strong><em>El Punto<\/em>, de Peter H. Reynolds <\/strong><\/h4>\n<p>Una historia sobre el esp\u00edritu creativo que tenemos todos y todas en nuestro interior. Vashti dice que no sabe dibujar, pero la maestra no est\u00e1 de acuerdo. <em>\u00abHaz lo primero que te salga, a ver qu\u00e9 pasa\u00bb<\/em>. Y le demuestra que todo el mundo tiene una manera de expresar, un punto de creatividad.[\/vc_column_text][\/vc_column][vc_column width=\u00bb1\/6&#8243;][vc_single_image media=\u00bb1318&#8243; media_width_percent=\u00bb100&#8243;][\/vc_column][\/vc_row][vc_row][vc_column width=\u00bb5\/6&#8243;][vc_column_text]<\/p>\n<h4><strong><em>La Mireia est\u00e1 muy enfadada, <\/em>de Gemma Turmo<\/strong><\/h4>\n<p>La protagonista de la historia se ha levantado de \u00abmal humor\u00bb: todo le parece mal y lo demuestra con su madre. El hada Chic est\u00e1 a su lado para guiarla con la rabia que siente y en su viaje desde la expresi\u00f3n y la identificaci\u00f3n de la emoci\u00f3n, hasta la b\u00fasqueda de una soluci\u00f3n que aumenta su bienestar.[\/vc_column_text][\/vc_column][vc_column width=\u00bb1\/6&#8243;][vc_single_image media=\u00bb1310&#8243; media_width_percent=\u00bb100&#8243;][\/vc_column][\/vc_row][vc_row][vc_column width=\u00bb5\/6&#8243;][vc_column_text]<\/p>\n<h4><strong><em>El hilo invisible<\/em>, de M\u00edriam Tirado<\/strong><\/h4>\n<p>Un cuento sobre los v\u00ednculos que nos unen con los que m\u00e1s queremos, y sobre c\u00f3mo las cosas m\u00e1s importantes son aquellas que no se ven.[\/vc_column_text][\/vc_column][vc_column width=\u00bb1\/6&#8243;][vc_single_image media=\u00bb1320&#8243; media_width_percent=\u00bb100&#8243;][\/vc_column][\/vc_row][vc_row][vc_column width=\u00bb5\/6&#8243;][vc_column_text]<\/p>\n<h4><em>7 h\u00e1bitos de los ni\u00f1os felices, <\/em>de Sean Covey<\/h4>\n<p>Mediante personajes entra\u00f1ables e historias muy entretenidas, este libro ense\u00f1a a los ni\u00f1os los valores y principios perdurables, desde asumir la responsabilidad de la propia vida hasta comprender la importancia del equilibrio personal, la visi\u00f3n de futuro, el respeto o el trabajo en equipo.[\/vc_column_text][\/vc_column][vc_column width=\u00bb1\/6&#8243;][vc_single_image media=\u00bb1312&#8243; media_width_percent=\u00bb100&#8243;][\/vc_column][\/vc_row][vc_row][vc_column width=\u00bb5\/6&#8243;][vc_column_text]<\/p>\n<h4><strong><em>La cola de drag\u00f3n<\/em>, de Mireia Canals <\/strong><\/h4>\n<p>Un libro sobre la rabia: cuando su madre no le da lo que quiere, Xavier se enfada tanto que se pone rojo y le crece una cola de drag\u00f3n. En el momento m\u00e1s inesperado, nuestro protagonista tendr\u00e1 que hacer frente a sus actos y aprender\u00e1 a gestionar sus emociones m\u00e1s impulsivas y agresivas.[\/vc_column_text][\/vc_column][vc_column width=\u00bb1\/6&#8243;][vc_single_image media=\u00bb1314&#8243; media_width_percent=\u00bb100&#8243;][\/vc_column][\/vc_row][vc_row][vc_column width=\u00bb5\/6&#8243;][vc_column_text]<\/p>\n<h4><strong><em>El huerto de la vida<\/em>, de Cristina Guti\u00e9rrez Lest\u00f3n<\/strong><\/h4>\n<p>Un cuento que ayuda a entender, a grandes y peque\u00f1os, la importancia de lo que practicamos cada d\u00eda, ya que finalmente somos lo que hacemos. Con la ayuda de la met\u00e1fora de un huerto, los ni\u00f1os ser\u00e1n conscientes de lo que est\u00e1n regando en su d\u00eda a d\u00eda: \u00bfser\u00e1 miedo, tristeza, rabia, o bien abrazos, optimismo y entusiasmo?[\/vc_column_text][\/vc_column][vc_column width=\u00bb1\/6&#8243;][vc_single_image media=\u00bb1322&#8243; media_width_percent=\u00bb100&#8243;][\/vc_column][\/vc_row][vc_row][vc_column width=\u00bb5\/6&#8243;][vc_column_text]<\/p>\n<h4><strong><em>Yo voy conmigo<\/em>, de Raquel D\u00edaz Reguera<\/strong><\/h4>\n<p>Una historia de amor con uno mismo. Este libro es una invitaci\u00f3n a quererse y no renunciar a lo que nos hace \u00fanicos.[\/vc_column_text][\/vc_column][vc_column width=\u00bb1\/6&#8243;][vc_single_image media=\u00bb1308&#8243; media_width_percent=\u00bb100&#8243;][\/vc_column][\/vc_row][vc_row][vc_column width=\u00bb5\/6&#8243;][vc_column_text]<\/p>\n<h4><em>El talism\u00e1n\u00a0de Luna<\/em>, de Maryorie Dantagnan y Jorge Barudy<\/h4>\n<p>A la Luna le gusta mucho jugar y divertirse, pero le ha pasado algo terrible&#8230; Este es un cuento para trabajar el trauma, como un duelo, escrito por autores expertos sobre el tema. Se orienta a desarrollar estrategias de resiliencia en los ni\u00f1os.[\/vc_column_text][\/vc_column][vc_column width=\u00bb1\/6&#8243;][vc_single_image media=\u00bb1328&#8243; media_width_percent=\u00bb100&#8243;][\/vc_column][\/vc_row][vc_row][vc_column width=\u00bb5\/6&#8243;][vc_column_text]<\/p>\n<h4><strong><em>Sara y Pelanas<\/em>, de Jan Birck<\/strong><\/h4>\n<p>Un libro precioso sobre la amistad, la imaginaci\u00f3n y las oportunidades que nos da la vida de ser felices con poco. Una historia optimista y divertida sobre la dificultad de los cambios, el rechazo hacia lo desconocido y el valor de la amistad que hace sonre\u00edr de verdad.[\/vc_column_text][\/vc_column][vc_column width=\u00bb1\/6&#8243;][vc_single_image media=\u00bb1324&#8243; media_width_percent=\u00bb100&#8243;][\/vc_column][\/vc_row][vc_row][vc_column width=\u00bb5\/6&#8243;][vc_column_text]<\/p>\n<h4><strong><em>Mis vecinos piratas<\/em>,<\/strong> de Jonny Duddle<\/h4>\n<p>Una historia diferente sobre piratas con ilustraciones espectaculares, que hace reflexionar sobre las primeras impresiones y que todo no es lo que parece. Ense\u00f1a a los m\u00e1s peque\u00f1os a ser tolerantes con los dem\u00e1s.[\/vc_column_text][\/vc_column][vc_column width=\u00bb1\/6&#8243;][vc_single_image media=\u00bb1326&#8243; media_width_percent=\u00bb100&#8243;][\/vc_column][\/vc_row]<\/p>\n<\/div>","protected":false},"excerpt":{"rendered":"<p>Cualquier lectura, si es de calidad, puede ser de ayuda para trabajar las emociones con los ni\u00f1os y ni\u00f1as. De [&hellip;]<\/p>\n","protected":false},"author":2,"featured_media":1337,"comment_status":"open","ping_status":"open","sticky":false,"template":"","format":"standard","meta":{"footnotes":""},"categories":[5],"tags":[32,71,35,72,34,28,73,74],"class_list":["post-1341","post","type-post","status-publish","format-standard","has-post-thumbnail","hentry","category-actualidad","tag-bienestar-emocional","tag-educacio-emocional-es","tag-educacion","tag-emocions-es","tag-escuela","tag-komtu-es","tag-llibres-es","tag-sant-jordi-es"],"yoast_head":"<!-- This site is optimized with the Yoast SEO plugin v27.4 - https:\/\/yoast.com\/product\/yoast-seo-wordpress\/ -->\n<title>10 libros para trabajar las emociones con ni\u00f1os y ni\u00f1as - Komtu<\/title>\n<meta name=\"robots\" content=\"index, follow, max-snippet:-1, max-image-preview:large, max-video-preview:-1\" \/>\n<link rel=\"canonical\" href=\"https:\/\/www.komtu.org\/es\/actualidad\/2021\/04\/22\/10-libros-para-trabajar-las-emociones-con-ninos-y-ninas\/\" \/>\n<meta property=\"og:locale\" content=\"es_ES\" \/>\n<meta property=\"og:type\" content=\"article\" \/>\n<meta property=\"og:title\" content=\"10 libros para trabajar las emociones con ni\u00f1os y ni\u00f1as - Komtu\" \/>\n<meta property=\"og:description\" content=\"Cualquier lectura, si es de calidad, puede ser de ayuda para trabajar las emociones con los ni\u00f1os y ni\u00f1as. De [&hellip;]\" \/>\n<meta property=\"og:url\" content=\"https:\/\/www.komtu.org\/es\/actualidad\/2021\/04\/22\/10-libros-para-trabajar-las-emociones-con-ninos-y-ninas\/\" \/>\n<meta property=\"og:site_name\" content=\"Komtu\" \/>\n<meta property=\"article:published_time\" content=\"2021-04-22T08:26:01+00:00\" \/>\n<meta property=\"og:image\" content=\"https:\/\/www.komtu.org\/wp-content\/uploads\/sites\/3\/2021\/04\/Destacat-blog-KOMTU-11-1024x576.jpg\" \/>\n\t<meta property=\"og:image:width\" content=\"1024\" \/>\n\t<meta property=\"og:image:height\" content=\"576\" \/>\n\t<meta property=\"og:image:type\" content=\"image\/jpeg\" \/>\n<meta name=\"author\" content=\"Nous Cims\" \/>\n<meta name=\"twitter:card\" content=\"summary_large_image\" \/>\n<meta name=\"twitter:label1\" content=\"Escrito por\" \/>\n\t<meta name=\"twitter:data1\" content=\"Nous Cims\" \/>\n\t<meta name=\"twitter:label2\" content=\"Tiempo de lectura\" \/>\n\t<meta name=\"twitter:data2\" content=\"5 minutos\" \/>\n<script type=\"application\/ld+json\" class=\"yoast-schema-graph\">{\"@context\":\"https:\\\/\\\/schema.org\",\"@graph\":[{\"@type\":\"Article\",\"@id\":\"https:\\\/\\\/www.komtu.org\\\/es\\\/actualidad\\\/2021\\\/04\\\/22\\\/10-libros-para-trabajar-las-emociones-con-ninos-y-ninas\\\/#article\",\"isPartOf\":{\"@id\":\"https:\\\/\\\/www.komtu.org\\\/es\\\/actualidad\\\/2021\\\/04\\\/22\\\/10-libros-para-trabajar-las-emociones-con-ninos-y-ninas\\\/\"},\"author\":{\"name\":\"Nous Cims\",\"@id\":\"https:\\\/\\\/www.komtu.org\\\/es\\\/#\\\/schema\\\/person\\\/c49be7fd7667a36f1b39c1c5a2becf99\"},\"headline\":\"10 libros para trabajar las emociones con ni\u00f1os y ni\u00f1as\",\"datePublished\":\"2021-04-22T08:26:01+00:00\",\"mainEntityOfPage\":{\"@id\":\"https:\\\/\\\/www.komtu.org\\\/es\\\/actualidad\\\/2021\\\/04\\\/22\\\/10-libros-para-trabajar-las-emociones-con-ninos-y-ninas\\\/\"},\"wordCount\":928,\"commentCount\":0,\"image\":{\"@id\":\"https:\\\/\\\/www.komtu.org\\\/es\\\/actualidad\\\/2021\\\/04\\\/22\\\/10-libros-para-trabajar-las-emociones-con-ninos-y-ninas\\\/#primaryimage\"},\"thumbnailUrl\":\"https:\\\/\\\/www.komtu.org\\\/wp-content\\\/uploads\\\/sites\\\/3\\\/2021\\\/04\\\/Destacat-blog-KOMTU-11.jpg\",\"keywords\":[\"Bienestar emocional\",\"Educaci\u00f3 emocional\",\"Educaci\u00f3n\",\"Emocions\",\"Escuela\",\"Komtu\",\"Llibres\",\"Sant Jordi\"],\"articleSection\":[\"Actualidad\"],\"inLanguage\":\"es\",\"potentialAction\":[{\"@type\":\"CommentAction\",\"name\":\"Comment\",\"target\":[\"https:\\\/\\\/www.komtu.org\\\/es\\\/actualidad\\\/2021\\\/04\\\/22\\\/10-libros-para-trabajar-las-emociones-con-ninos-y-ninas\\\/#respond\"]}]},{\"@type\":\"WebPage\",\"@id\":\"https:\\\/\\\/www.komtu.org\\\/es\\\/actualidad\\\/2021\\\/04\\\/22\\\/10-libros-para-trabajar-las-emociones-con-ninos-y-ninas\\\/\",\"url\":\"https:\\\/\\\/www.komtu.org\\\/es\\\/actualidad\\\/2021\\\/04\\\/22\\\/10-libros-para-trabajar-las-emociones-con-ninos-y-ninas\\\/\",\"name\":\"10 libros para trabajar las emociones con ni\u00f1os y ni\u00f1as - Komtu\",\"isPartOf\":{\"@id\":\"https:\\\/\\\/www.komtu.org\\\/es\\\/#website\"},\"primaryImageOfPage\":{\"@id\":\"https:\\\/\\\/www.komtu.org\\\/es\\\/actualidad\\\/2021\\\/04\\\/22\\\/10-libros-para-trabajar-las-emociones-con-ninos-y-ninas\\\/#primaryimage\"},\"image\":{\"@id\":\"https:\\\/\\\/www.komtu.org\\\/es\\\/actualidad\\\/2021\\\/04\\\/22\\\/10-libros-para-trabajar-las-emociones-con-ninos-y-ninas\\\/#primaryimage\"},\"thumbnailUrl\":\"https:\\\/\\\/www.komtu.org\\\/wp-content\\\/uploads\\\/sites\\\/3\\\/2021\\\/04\\\/Destacat-blog-KOMTU-11.jpg\",\"datePublished\":\"2021-04-22T08:26:01+00:00\",\"author\":{\"@id\":\"https:\\\/\\\/www.komtu.org\\\/es\\\/#\\\/schema\\\/person\\\/c49be7fd7667a36f1b39c1c5a2becf99\"},\"breadcrumb\":{\"@id\":\"https:\\\/\\\/www.komtu.org\\\/es\\\/actualidad\\\/2021\\\/04\\\/22\\\/10-libros-para-trabajar-las-emociones-con-ninos-y-ninas\\\/#breadcrumb\"},\"inLanguage\":\"es\",\"potentialAction\":[{\"@type\":\"ReadAction\",\"target\":[\"https:\\\/\\\/www.komtu.org\\\/es\\\/actualidad\\\/2021\\\/04\\\/22\\\/10-libros-para-trabajar-las-emociones-con-ninos-y-ninas\\\/\"]}]},{\"@type\":\"ImageObject\",\"inLanguage\":\"es\",\"@id\":\"https:\\\/\\\/www.komtu.org\\\/es\\\/actualidad\\\/2021\\\/04\\\/22\\\/10-libros-para-trabajar-las-emociones-con-ninos-y-ninas\\\/#primaryimage\",\"url\":\"https:\\\/\\\/www.komtu.org\\\/wp-content\\\/uploads\\\/sites\\\/3\\\/2021\\\/04\\\/Destacat-blog-KOMTU-11.jpg\",\"contentUrl\":\"https:\\\/\\\/www.komtu.org\\\/wp-content\\\/uploads\\\/sites\\\/3\\\/2021\\\/04\\\/Destacat-blog-KOMTU-11.jpg\",\"width\":2240,\"height\":1260,\"caption\":\"Llibres KOMTU\"},{\"@type\":\"BreadcrumbList\",\"@id\":\"https:\\\/\\\/www.komtu.org\\\/es\\\/actualidad\\\/2021\\\/04\\\/22\\\/10-libros-para-trabajar-las-emociones-con-ninos-y-ninas\\\/#breadcrumb\",\"itemListElement\":[{\"@type\":\"ListItem\",\"position\":1,\"name\":\"Portada\",\"item\":\"https:\\\/\\\/www.komtu.org\\\/es\\\/\"},{\"@type\":\"ListItem\",\"position\":2,\"name\":\"10 libros para trabajar las emociones con ni\u00f1os y ni\u00f1as\"}]},{\"@type\":\"WebSite\",\"@id\":\"https:\\\/\\\/www.komtu.org\\\/es\\\/#website\",\"url\":\"https:\\\/\\\/www.komtu.org\\\/es\\\/\",\"name\":\"Komtu\",\"description\":\"Otro sitio m\u00e1s de Nous Cims sitios\",\"potentialAction\":[{\"@type\":\"SearchAction\",\"target\":{\"@type\":\"EntryPoint\",\"urlTemplate\":\"https:\\\/\\\/www.komtu.org\\\/es\\\/?s={search_term_string}\"},\"query-input\":{\"@type\":\"PropertyValueSpecification\",\"valueRequired\":true,\"valueName\":\"search_term_string\"}}],\"inLanguage\":\"es\"},{\"@type\":\"Person\",\"@id\":\"https:\\\/\\\/www.komtu.org\\\/es\\\/#\\\/schema\\\/person\\\/c49be7fd7667a36f1b39c1c5a2becf99\",\"name\":\"Nous Cims\",\"image\":{\"@type\":\"ImageObject\",\"inLanguage\":\"es\",\"@id\":\"https:\\\/\\\/secure.gravatar.com\\\/avatar\\\/1dd42f1cafb4dfa67ddb690263b49eb6dd0b847386b5e1ee729643a318a2de73?s=96&d=mm&r=g\",\"url\":\"https:\\\/\\\/secure.gravatar.com\\\/avatar\\\/1dd42f1cafb4dfa67ddb690263b49eb6dd0b847386b5e1ee729643a318a2de73?s=96&d=mm&r=g\",\"contentUrl\":\"https:\\\/\\\/secure.gravatar.com\\\/avatar\\\/1dd42f1cafb4dfa67ddb690263b49eb6dd0b847386b5e1ee729643a318a2de73?s=96&d=mm&r=g\",\"caption\":\"Nous Cims\"},\"url\":\"https:\\\/\\\/www.komtu.org\\\/es\\\/author\\\/edelcampo\\\/\"}]}<\/script>\n<!-- \/ Yoast SEO plugin. -->","yoast_head_json":{"title":"10 libros para trabajar las emociones con ni\u00f1os y ni\u00f1as - Komtu","robots":{"index":"index","follow":"follow","max-snippet":"max-snippet:-1","max-image-preview":"max-image-preview:large","max-video-preview":"max-video-preview:-1"},"canonical":"https:\/\/www.komtu.org\/es\/actualidad\/2021\/04\/22\/10-libros-para-trabajar-las-emociones-con-ninos-y-ninas\/","og_locale":"es_ES","og_type":"article","og_title":"10 libros para trabajar las emociones con ni\u00f1os y ni\u00f1as - Komtu","og_description":"Cualquier lectura, si es de calidad, puede ser de ayuda para trabajar las emociones con los ni\u00f1os y ni\u00f1as. De [&hellip;]","og_url":"https:\/\/www.komtu.org\/es\/actualidad\/2021\/04\/22\/10-libros-para-trabajar-las-emociones-con-ninos-y-ninas\/","og_site_name":"Komtu","article_published_time":"2021-04-22T08:26:01+00:00","og_image":[{"width":1024,"height":576,"url":"https:\/\/www.komtu.org\/wp-content\/uploads\/sites\/3\/2021\/04\/Destacat-blog-KOMTU-11-1024x576.jpg","type":"image\/jpeg"}],"author":"Nous Cims","twitter_card":"summary_large_image","twitter_misc":{"Escrito por":"Nous Cims","Tiempo de lectura":"5 minutos"},"schema":{"@context":"https:\/\/schema.org","@graph":[{"@type":"Article","@id":"https:\/\/www.komtu.org\/es\/actualidad\/2021\/04\/22\/10-libros-para-trabajar-las-emociones-con-ninos-y-ninas\/#article","isPartOf":{"@id":"https:\/\/www.komtu.org\/es\/actualidad\/2021\/04\/22\/10-libros-para-trabajar-las-emociones-con-ninos-y-ninas\/"},"author":{"name":"Nous Cims","@id":"https:\/\/www.komtu.org\/es\/#\/schema\/person\/c49be7fd7667a36f1b39c1c5a2becf99"},"headline":"10 libros para trabajar las emociones con ni\u00f1os y ni\u00f1as","datePublished":"2021-04-22T08:26:01+00:00","mainEntityOfPage":{"@id":"https:\/\/www.komtu.org\/es\/actualidad\/2021\/04\/22\/10-libros-para-trabajar-las-emociones-con-ninos-y-ninas\/"},"wordCount":928,"commentCount":0,"image":{"@id":"https:\/\/www.komtu.org\/es\/actualidad\/2021\/04\/22\/10-libros-para-trabajar-las-emociones-con-ninos-y-ninas\/#primaryimage"},"thumbnailUrl":"https:\/\/www.komtu.org\/wp-content\/uploads\/sites\/3\/2021\/04\/Destacat-blog-KOMTU-11.jpg","keywords":["Bienestar emocional","Educaci\u00f3 emocional","Educaci\u00f3n","Emocions","Escuela","Komtu","Llibres","Sant Jordi"],"articleSection":["Actualidad"],"inLanguage":"es","potentialAction":[{"@type":"CommentAction","name":"Comment","target":["https:\/\/www.komtu.org\/es\/actualidad\/2021\/04\/22\/10-libros-para-trabajar-las-emociones-con-ninos-y-ninas\/#respond"]}]},{"@type":"WebPage","@id":"https:\/\/www.komtu.org\/es\/actualidad\/2021\/04\/22\/10-libros-para-trabajar-las-emociones-con-ninos-y-ninas\/","url":"https:\/\/www.komtu.org\/es\/actualidad\/2021\/04\/22\/10-libros-para-trabajar-las-emociones-con-ninos-y-ninas\/","name":"10 libros para trabajar las emociones con ni\u00f1os y ni\u00f1as - Komtu","isPartOf":{"@id":"https:\/\/www.komtu.org\/es\/#website"},"primaryImageOfPage":{"@id":"https:\/\/www.komtu.org\/es\/actualidad\/2021\/04\/22\/10-libros-para-trabajar-las-emociones-con-ninos-y-ninas\/#primaryimage"},"image":{"@id":"https:\/\/www.komtu.org\/es\/actualidad\/2021\/04\/22\/10-libros-para-trabajar-las-emociones-con-ninos-y-ninas\/#primaryimage"},"thumbnailUrl":"https:\/\/www.komtu.org\/wp-content\/uploads\/sites\/3\/2021\/04\/Destacat-blog-KOMTU-11.jpg","datePublished":"2021-04-22T08:26:01+00:00","author":{"@id":"https:\/\/www.komtu.org\/es\/#\/schema\/person\/c49be7fd7667a36f1b39c1c5a2becf99"},"breadcrumb":{"@id":"https:\/\/www.komtu.org\/es\/actualidad\/2021\/04\/22\/10-libros-para-trabajar-las-emociones-con-ninos-y-ninas\/#breadcrumb"},"inLanguage":"es","potentialAction":[{"@type":"ReadAction","target":["https:\/\/www.komtu.org\/es\/actualidad\/2021\/04\/22\/10-libros-para-trabajar-las-emociones-con-ninos-y-ninas\/"]}]},{"@type":"ImageObject","inLanguage":"es","@id":"https:\/\/www.komtu.org\/es\/actualidad\/2021\/04\/22\/10-libros-para-trabajar-las-emociones-con-ninos-y-ninas\/#primaryimage","url":"https:\/\/www.komtu.org\/wp-content\/uploads\/sites\/3\/2021\/04\/Destacat-blog-KOMTU-11.jpg","contentUrl":"https:\/\/www.komtu.org\/wp-content\/uploads\/sites\/3\/2021\/04\/Destacat-blog-KOMTU-11.jpg","width":2240,"height":1260,"caption":"Llibres KOMTU"},{"@type":"BreadcrumbList","@id":"https:\/\/www.komtu.org\/es\/actualidad\/2021\/04\/22\/10-libros-para-trabajar-las-emociones-con-ninos-y-ninas\/#breadcrumb","itemListElement":[{"@type":"ListItem","position":1,"name":"Portada","item":"https:\/\/www.komtu.org\/es\/"},{"@type":"ListItem","position":2,"name":"10 libros para trabajar las emociones con ni\u00f1os y ni\u00f1as"}]},{"@type":"WebSite","@id":"https:\/\/www.komtu.org\/es\/#website","url":"https:\/\/www.komtu.org\/es\/","name":"Komtu","description":"Otro sitio m\u00e1s de Nous Cims sitios","potentialAction":[{"@type":"SearchAction","target":{"@type":"EntryPoint","urlTemplate":"https:\/\/www.komtu.org\/es\/?s={search_term_string}"},"query-input":{"@type":"PropertyValueSpecification","valueRequired":true,"valueName":"search_term_string"}}],"inLanguage":"es"},{"@type":"Person","@id":"https:\/\/www.komtu.org\/es\/#\/schema\/person\/c49be7fd7667a36f1b39c1c5a2becf99","name":"Nous Cims","image":{"@type":"ImageObject","inLanguage":"es","@id":"https:\/\/secure.gravatar.com\/avatar\/1dd42f1cafb4dfa67ddb690263b49eb6dd0b847386b5e1ee729643a318a2de73?s=96&d=mm&r=g","url":"https:\/\/secure.gravatar.com\/avatar\/1dd42f1cafb4dfa67ddb690263b49eb6dd0b847386b5e1ee729643a318a2de73?s=96&d=mm&r=g","contentUrl":"https:\/\/secure.gravatar.com\/avatar\/1dd42f1cafb4dfa67ddb690263b49eb6dd0b847386b5e1ee729643a318a2de73?s=96&d=mm&r=g","caption":"Nous Cims"},"url":"https:\/\/www.komtu.org\/es\/author\/edelcampo\/"}]}},"_links":{"self":[{"href":"https:\/\/www.komtu.org\/es\/wp-json\/wp\/v2\/posts\/1341","targetHints":{"allow":["GET"]}}],"collection":[{"href":"https:\/\/www.komtu.org\/es\/wp-json\/wp\/v2\/posts"}],"about":[{"href":"https:\/\/www.komtu.org\/es\/wp-json\/wp\/v2\/types\/post"}],"author":[{"embeddable":true,"href":"https:\/\/www.komtu.org\/es\/wp-json\/wp\/v2\/users\/2"}],"replies":[{"embeddable":true,"href":"https:\/\/www.komtu.org\/es\/wp-json\/wp\/v2\/comments?post=1341"}],"version-history":[{"count":3,"href":"https:\/\/www.komtu.org\/es\/wp-json\/wp\/v2\/posts\/1341\/revisions"}],"predecessor-version":[{"id":1344,"href":"https:\/\/www.komtu.org\/es\/wp-json\/wp\/v2\/posts\/1341\/revisions\/1344"}],"wp:featuredmedia":[{"embeddable":true,"href":"https:\/\/www.komtu.org\/es\/wp-json\/wp\/v2\/media\/1337"}],"wp:attachment":[{"href":"https:\/\/www.komtu.org\/es\/wp-json\/wp\/v2\/media?parent=1341"}],"wp:term":[{"taxonomy":"category","embeddable":true,"href":"https:\/\/www.komtu.org\/es\/wp-json\/wp\/v2\/categories?post=1341"},{"taxonomy":"post_tag","embeddable":true,"href":"https:\/\/www.komtu.org\/es\/wp-json\/wp\/v2\/tags?post=1341"}],"curies":[{"name":"wp","href":"https:\/\/api.w.org\/{rel}","templated":true}]}}