{"id":1126,"date":"2021-04-06T10:37:56","date_gmt":"2021-04-06T08:37:56","guid":{"rendered":"https:\/\/www.komtu.org\/?p=1126"},"modified":"2021-06-15T14:36:23","modified_gmt":"2021-06-15T12:36:23","slug":"limites-con-el-amor-no-basta","status":"publish","type":"post","link":"https:\/\/www.komtu.org\/es\/actualitat\/2021\/04\/06\/limites-con-el-amor-no-basta\/","title":{"rendered":"L\u00cdMITES. CON EL AMOR NO BASTA."},"content":{"rendered":"<div class=\"wpb-content-wrapper\"><p>[vc_row][vc_column width=\u00bb1\/1&#8243;][vc_column_text]Como adultos, acompa\u00f1amos a los ni\u00f1os en su desarrollo personal y trayecto vital. En este camino, podemos ir tejiendo una mochila llena de recursos y herramientas que les permitan ser personas libres, responsables y que sepan convivir en sociedad. Deseamos asegurarnos que podr\u00e1n caminar solos por los caminos que elijan y con una mochila repleta de estrategias ante los imprevistos del camino.<\/p>\n<p>Cualquier persona que est\u00e9 educando, sabr\u00e1 que <strong>educar requiere atenci\u00f3n, dedicaci\u00f3n e inevitablemente el establecimiento de unos l\u00edmites<\/strong>. Pero&#8230; \u00bfC\u00f3mo me siento cuando aplico un l\u00edmite? Partimos de la base que educar es un acto de relaci\u00f3n, y no hay una \u00fanica manera de hacerlo.[\/vc_column_text][\/vc_column][\/vc_row][vc_row][vc_column width=\u00bb1\/1&#8243;][vc_column_text]\u00bfY si tomo conciencia de la emoci\u00f3n que provoca en el otro la definici\u00f3n de mi l\u00edmite? S\u00ed, claro que desencadeno una emoci\u00f3n en el otro. A nadie le gusta que le den \u00f3rdenes. \u00bfAlguien ha visto alg\u00fan ni\u00f1o saltando de alegr\u00eda cuando sus cuidadores le han dicho que tienen que marcharse del parque porque es hora de ir a ba\u00f1arse y cenar?<\/p>\n<p>Es bastante improbable que en una situaci\u00f3n en la que nos encontramos contenidos, limitados, donde nuestros deseos se restrinjan, agradezcamos inmediatamente al otro su acci\u00f3n. M\u00e1s bien, <strong>cuando hago evidente el l\u00edmite, la otra persona se puede frustrar, enfadarse o rebelarse con nosotros<\/strong>, y entonces&#8230; para tratar de compensar nuestro malestar, podemos desplegar nuestro abanico de las mil explicaciones l\u00f3gicas, razonadas y beneficiosas para el otro. \u00bfQu\u00e9 har\u00e9 con su frustraci\u00f3n? \u00bfNegar que existe para no sentirme mal yo?&#8230; \u00bfpermitir que la exprese? \u00bfC\u00f3mo hago para darle cabida a esta emoci\u00f3n pero al mismo tiempo mantener el l\u00edmite que considero imprescindible en esta situaci\u00f3n?<\/p>\n<p>D\u00e9monos la oportunidad de romper con la culpa y el miedo a equivocarnos. Todos y todas lo hacemos a diario, es por eso que vale la pena reflexionar sobre nuestra manera de hacer. S\u00f3lo as\u00ed podremos ense\u00f1ar, a nuestros hijos e hijas y\/o alumnado, que el error se permite, y se convierte en una oportunidad para aprender y crecer.<\/p>\n<p>Habr\u00e1 pues, encontrar maneras de acompa\u00f1ar para que los ni\u00f1os puedan sentir que cuando indicamos que hay que hacer algo, sea porque tiene una raz\u00f3n de ser, nos dirigimos a ellos con consideraci\u00f3n, y respetamos sus necesidades y preferencias.[\/vc_column_text][\/vc_column][\/vc_row][vc_row][vc_column width=\u00bb1\/1&#8243;][vc_column_text]Os invito a hacer un ejercicio personal: <strong>cerrad los ojos y recordad como os definieron los l\u00edmites vuestros padres o cuidadores principales<\/strong>. \u00bfY vuestros maestros? Y ahora, me pregunto: \u00bfQu\u00e9 emociones me genera mirarlo? \u00bfQu\u00e9 fue m\u00e1s o menos \u00fatil?<\/p>\n<p>Volvemos a la actualidad. Situ\u00e9monos en el aqu\u00ed y el ahora: pensamos en como la \u00abmochila\u00bb de cada uno puede afectar a los ni\u00f1os con los que nos relacionamos.<\/p>\n<p>Por un lado, si pongo l\u00edmites en exceso, la criatura perder\u00e1 la capacidad de experimentar, explorar y perder\u00e1 <strong>oportunidades de aprendizaje<\/strong>. Seguramente lo hago porque necesito sentir el control de la situaci\u00f3n, y la estar\u00e9 guiando hacia la obediencia sin cr\u00edtica posible.<\/p>\n<p>Por otro lado, si renuncio a poner l\u00edmites, estar\u00eda evitando actuar ante un conflicto, favoreciendo de este modo que el ni\u00f1o o la ni\u00f1a le cueste tolerar la frustraci\u00f3n y, a menudo, muestre mucha impulsividad.<\/p>\n<p>En ambos casos, el ni\u00f1o se sentir\u00eda muy confundido. \u00bfPodr\u00e9 sostener y acompa\u00f1ar la emoci\u00f3n que se genera en la criatura ante mi actuaci\u00f3n?<\/p>\n<p>En resumen, podr\u00edamos pensar en c\u00f3mo poner l\u00edmites de forma ecu\u00e1nime y equilibrada, entendiendo que <strong>los l\u00edmites ayudan a entender el mundo y son un acto de amor<\/strong>. El ni\u00f1o que pueda sentir y asumir que todo lo que quiere no es posible, sabr\u00e1 buscar alternativas, y si conviene, sabr\u00e1 ceder. Por lo tanto, tendr\u00e1 m\u00e1s empat\u00eda con los dem\u00e1s, m\u00e1s habilidades relacionales y m\u00e1s capacidad de negociar y construir pactos.[\/vc_column_text][\/vc_column][\/vc_row][vc_row][vc_column width=\u00bb1\/1&#8243;][vc_column_text]<strong>No es necesario que defina muchos l\u00edmites, s\u00f3lo ser\u00e1 necesario que sean claros y objetivos<\/strong>, anticipando las consecuencias sobre si se cumplen o no. Conectamos con lo que sentimos que es coherente con las normas y los valores compartidos en el seno de la propia familia y\/o en la escuela, y transmitimos un aprendizaje en positivo, de aquellas conductas que realmente les sean \u00fatiles y adaptativas en este entorno . Una buena manera ser\u00eda decir qu\u00e9 hacer, en vez de que no se debe hacer. As\u00ed: \u00abNecesito que hables m\u00e1s flojito\u00bb (en lugar de \u00abNo grites tanto\u00bb). Unos ser\u00e1n negociables (como elegir hacer una actividad antes que otra) y otros innegociables (como agredir a alguien), pero lo importante es que los ni\u00f1os se sientan escuchados, reconocidos, y que realmente, seamos su <strong>ejemplo a trav\u00e9s de nuestros propios actos<\/strong>.<\/p>\n<p>Un art\u00edculo de:<\/p>\n<p><strong><em><a href=\"https:\/\/www.komtu.org\/es\/equipo\/\">Rebeca L\u00f3pez<\/a>.<\/em><\/strong><br \/>\nPsic\u00f3loga y terapeuta familiar. T\u00e9cnica del <a href=\"https:\/\/www.komtu.org\/es\/sobre-komtu\/\">Programa Komt\u00fc<\/a>.[\/vc_column_text][\/vc_column][\/vc_row][vc_row][vc_column width=\u00bb1\/1&#8243;][vc_column_text]<\/p>\n<h5><u>Referencias\u00a0bibliogr\u00e1ficas<\/u><\/h5>\n<ul>\n<li>Herrero, J. Libertad, l\u00edmites y responsabilidad.\u00a0<a href=\"https:\/\/ojodeagua.es\/wp-content\/uploads\/2011\/11\/Libertad_limites_y_responsabilidad.pdf\">Disponible online<\/a> (consulta: enero 2021)<\/li>\n<li>Castellv\u00ed, A. Educar Sense Cridar: Acompanyant els fills d&#8217;entre quatre i dotze anys en el cam\u00ed cap a l&#8217;autonomia (2016).<\/li>\n<\/ul>\n<p>[\/vc_column_text][\/vc_column][\/vc_row]<\/p>\n<\/div>","protected":false},"excerpt":{"rendered":"<p>Como adultos, acompa\u00f1amos a los ni\u00f1os en su desarrollo personal y trayecto vital. En este camino, podemos ir tejiendo [&hellip;]<\/p>\n","protected":false},"author":2,"featured_media":1119,"comment_status":"open","ping_status":"open","sticky":false,"template":"","format":"standard","meta":{"footnotes":""},"categories":[1],"tags":[60,66,65],"class_list":["post-1126","post","type-post","status-publish","format-standard","has-post-thumbnail","hentry","category-actualitat","tag-aprender","tag-ensenar","tag-limites"],"yoast_head":"<!-- This site is optimized with the Yoast SEO plugin v27.4 - https:\/\/yoast.com\/product\/yoast-seo-wordpress\/ -->\n<title>L\u00cdMITES. CON EL AMOR NO BASTA. - Komtu<\/title>\n<meta name=\"description\" content=\"Cualquier persona que est\u00e9 educando, sabr\u00e1 que educar requiere atenci\u00f3n, dedicaci\u00f3n e inevitablemente el establecimiento de unos l\u00edmites.\" \/>\n<meta name=\"robots\" content=\"index, follow, max-snippet:-1, max-image-preview:large, max-video-preview:-1\" \/>\n<link rel=\"canonical\" href=\"https:\/\/www.komtu.org\/es\/actualitat\/2021\/04\/06\/limites-con-el-amor-no-basta\/\" \/>\n<meta property=\"og:locale\" content=\"es_ES\" \/>\n<meta property=\"og:type\" content=\"article\" \/>\n<meta property=\"og:title\" content=\"L\u00cdMITES. CON EL AMOR NO BASTA. - Komtu\" \/>\n<meta property=\"og:description\" content=\"Cualquier persona que est\u00e9 educando, sabr\u00e1 que educar requiere atenci\u00f3n, dedicaci\u00f3n e inevitablemente el establecimiento de unos l\u00edmites.\" \/>\n<meta property=\"og:url\" content=\"https:\/\/www.komtu.org\/es\/actualitat\/2021\/04\/06\/limites-con-el-amor-no-basta\/\" \/>\n<meta property=\"og:site_name\" content=\"Komtu\" \/>\n<meta property=\"article:published_time\" content=\"2021-04-06T08:37:56+00:00\" \/>\n<meta property=\"article:modified_time\" content=\"2021-06-15T12:36:23+00:00\" \/>\n<meta property=\"og:image\" content=\"https:\/\/www.komtu.org\/wp-content\/uploads\/sites\/3\/2021\/03\/Destacat-blog-KOMTU-2-1.jpg\" \/>\n\t<meta property=\"og:image:width\" content=\"2240\" \/>\n\t<meta property=\"og:image:height\" content=\"1260\" \/>\n\t<meta property=\"og:image:type\" content=\"image\/jpeg\" \/>\n<meta name=\"author\" content=\"Nous Cims\" \/>\n<meta name=\"twitter:card\" content=\"summary_large_image\" \/>\n<meta name=\"twitter:label1\" content=\"Escrito por\" \/>\n\t<meta name=\"twitter:data1\" content=\"Nous Cims\" \/>\n\t<meta name=\"twitter:label2\" content=\"Tiempo de lectura\" \/>\n\t<meta name=\"twitter:data2\" content=\"5 minutos\" \/>\n<script type=\"application\/ld+json\" class=\"yoast-schema-graph\">{\"@context\":\"https:\\\/\\\/schema.org\",\"@graph\":[{\"@type\":\"Article\",\"@id\":\"https:\\\/\\\/www.komtu.org\\\/es\\\/actualitat\\\/2021\\\/04\\\/06\\\/limites-con-el-amor-no-basta\\\/#article\",\"isPartOf\":{\"@id\":\"https:\\\/\\\/www.komtu.org\\\/es\\\/actualitat\\\/2021\\\/04\\\/06\\\/limites-con-el-amor-no-basta\\\/\"},\"author\":{\"name\":\"Nous Cims\",\"@id\":\"https:\\\/\\\/www.komtu.org\\\/es\\\/#\\\/schema\\\/person\\\/c49be7fd7667a36f1b39c1c5a2becf99\"},\"headline\":\"L\u00cdMITES. CON EL AMOR NO BASTA.\",\"datePublished\":\"2021-04-06T08:37:56+00:00\",\"dateModified\":\"2021-06-15T12:36:23+00:00\",\"mainEntityOfPage\":{\"@id\":\"https:\\\/\\\/www.komtu.org\\\/es\\\/actualitat\\\/2021\\\/04\\\/06\\\/limites-con-el-amor-no-basta\\\/\"},\"wordCount\":955,\"commentCount\":0,\"image\":{\"@id\":\"https:\\\/\\\/www.komtu.org\\\/es\\\/actualitat\\\/2021\\\/04\\\/06\\\/limites-con-el-amor-no-basta\\\/#primaryimage\"},\"thumbnailUrl\":\"https:\\\/\\\/www.komtu.org\\\/wp-content\\\/uploads\\\/sites\\\/3\\\/2021\\\/03\\\/Destacat-blog-KOMTU-2-1.jpg\",\"keywords\":[\"aprender\",\"Ense\u00f1ar\",\"L\u00edmites\"],\"articleSection\":[\"Actualitat\"],\"inLanguage\":\"es\",\"potentialAction\":[{\"@type\":\"CommentAction\",\"name\":\"Comment\",\"target\":[\"https:\\\/\\\/www.komtu.org\\\/es\\\/actualitat\\\/2021\\\/04\\\/06\\\/limites-con-el-amor-no-basta\\\/#respond\"]}]},{\"@type\":\"WebPage\",\"@id\":\"https:\\\/\\\/www.komtu.org\\\/es\\\/actualitat\\\/2021\\\/04\\\/06\\\/limites-con-el-amor-no-basta\\\/\",\"url\":\"https:\\\/\\\/www.komtu.org\\\/es\\\/actualitat\\\/2021\\\/04\\\/06\\\/limites-con-el-amor-no-basta\\\/\",\"name\":\"L\u00cdMITES. CON EL AMOR NO BASTA. - Komtu\",\"isPartOf\":{\"@id\":\"https:\\\/\\\/www.komtu.org\\\/es\\\/#website\"},\"primaryImageOfPage\":{\"@id\":\"https:\\\/\\\/www.komtu.org\\\/es\\\/actualitat\\\/2021\\\/04\\\/06\\\/limites-con-el-amor-no-basta\\\/#primaryimage\"},\"image\":{\"@id\":\"https:\\\/\\\/www.komtu.org\\\/es\\\/actualitat\\\/2021\\\/04\\\/06\\\/limites-con-el-amor-no-basta\\\/#primaryimage\"},\"thumbnailUrl\":\"https:\\\/\\\/www.komtu.org\\\/wp-content\\\/uploads\\\/sites\\\/3\\\/2021\\\/03\\\/Destacat-blog-KOMTU-2-1.jpg\",\"datePublished\":\"2021-04-06T08:37:56+00:00\",\"dateModified\":\"2021-06-15T12:36:23+00:00\",\"author\":{\"@id\":\"https:\\\/\\\/www.komtu.org\\\/es\\\/#\\\/schema\\\/person\\\/c49be7fd7667a36f1b39c1c5a2becf99\"},\"description\":\"Cualquier persona que est\u00e9 educando, sabr\u00e1 que educar requiere atenci\u00f3n, dedicaci\u00f3n e inevitablemente el establecimiento de unos l\u00edmites.\",\"breadcrumb\":{\"@id\":\"https:\\\/\\\/www.komtu.org\\\/es\\\/actualitat\\\/2021\\\/04\\\/06\\\/limites-con-el-amor-no-basta\\\/#breadcrumb\"},\"inLanguage\":\"es\",\"potentialAction\":[{\"@type\":\"ReadAction\",\"target\":[\"https:\\\/\\\/www.komtu.org\\\/es\\\/actualitat\\\/2021\\\/04\\\/06\\\/limites-con-el-amor-no-basta\\\/\"]}]},{\"@type\":\"ImageObject\",\"inLanguage\":\"es\",\"@id\":\"https:\\\/\\\/www.komtu.org\\\/es\\\/actualitat\\\/2021\\\/04\\\/06\\\/limites-con-el-amor-no-basta\\\/#primaryimage\",\"url\":\"https:\\\/\\\/www.komtu.org\\\/wp-content\\\/uploads\\\/sites\\\/3\\\/2021\\\/03\\\/Destacat-blog-KOMTU-2-1.jpg\",\"contentUrl\":\"https:\\\/\\\/www.komtu.org\\\/wp-content\\\/uploads\\\/sites\\\/3\\\/2021\\\/03\\\/Destacat-blog-KOMTU-2-1.jpg\",\"width\":2240,\"height\":1260},{\"@type\":\"BreadcrumbList\",\"@id\":\"https:\\\/\\\/www.komtu.org\\\/es\\\/actualitat\\\/2021\\\/04\\\/06\\\/limites-con-el-amor-no-basta\\\/#breadcrumb\",\"itemListElement\":[{\"@type\":\"ListItem\",\"position\":1,\"name\":\"Portada\",\"item\":\"https:\\\/\\\/www.komtu.org\\\/es\\\/\"},{\"@type\":\"ListItem\",\"position\":2,\"name\":\"L\u00cdMITES. CON EL AMOR NO BASTA.\"}]},{\"@type\":\"WebSite\",\"@id\":\"https:\\\/\\\/www.komtu.org\\\/es\\\/#website\",\"url\":\"https:\\\/\\\/www.komtu.org\\\/es\\\/\",\"name\":\"Komtu\",\"description\":\"Otro sitio m\u00e1s de Nous Cims sitios\",\"potentialAction\":[{\"@type\":\"SearchAction\",\"target\":{\"@type\":\"EntryPoint\",\"urlTemplate\":\"https:\\\/\\\/www.komtu.org\\\/es\\\/?s={search_term_string}\"},\"query-input\":{\"@type\":\"PropertyValueSpecification\",\"valueRequired\":true,\"valueName\":\"search_term_string\"}}],\"inLanguage\":\"es\"},{\"@type\":\"Person\",\"@id\":\"https:\\\/\\\/www.komtu.org\\\/es\\\/#\\\/schema\\\/person\\\/c49be7fd7667a36f1b39c1c5a2becf99\",\"name\":\"Nous Cims\",\"image\":{\"@type\":\"ImageObject\",\"inLanguage\":\"es\",\"@id\":\"https:\\\/\\\/secure.gravatar.com\\\/avatar\\\/1dd42f1cafb4dfa67ddb690263b49eb6dd0b847386b5e1ee729643a318a2de73?s=96&d=mm&r=g\",\"url\":\"https:\\\/\\\/secure.gravatar.com\\\/avatar\\\/1dd42f1cafb4dfa67ddb690263b49eb6dd0b847386b5e1ee729643a318a2de73?s=96&d=mm&r=g\",\"contentUrl\":\"https:\\\/\\\/secure.gravatar.com\\\/avatar\\\/1dd42f1cafb4dfa67ddb690263b49eb6dd0b847386b5e1ee729643a318a2de73?s=96&d=mm&r=g\",\"caption\":\"Nous Cims\"},\"url\":\"https:\\\/\\\/www.komtu.org\\\/es\\\/author\\\/edelcampo\\\/\"}]}<\/script>\n<!-- \/ Yoast SEO plugin. -->","yoast_head_json":{"title":"L\u00cdMITES. CON EL AMOR NO BASTA. - Komtu","description":"Cualquier persona que est\u00e9 educando, sabr\u00e1 que educar requiere atenci\u00f3n, dedicaci\u00f3n e inevitablemente el establecimiento de unos l\u00edmites.","robots":{"index":"index","follow":"follow","max-snippet":"max-snippet:-1","max-image-preview":"max-image-preview:large","max-video-preview":"max-video-preview:-1"},"canonical":"https:\/\/www.komtu.org\/es\/actualitat\/2021\/04\/06\/limites-con-el-amor-no-basta\/","og_locale":"es_ES","og_type":"article","og_title":"L\u00cdMITES. CON EL AMOR NO BASTA. - Komtu","og_description":"Cualquier persona que est\u00e9 educando, sabr\u00e1 que educar requiere atenci\u00f3n, dedicaci\u00f3n e inevitablemente el establecimiento de unos l\u00edmites.","og_url":"https:\/\/www.komtu.org\/es\/actualitat\/2021\/04\/06\/limites-con-el-amor-no-basta\/","og_site_name":"Komtu","article_published_time":"2021-04-06T08:37:56+00:00","article_modified_time":"2021-06-15T12:36:23+00:00","og_image":[{"width":2240,"height":1260,"url":"https:\/\/www.komtu.org\/wp-content\/uploads\/sites\/3\/2021\/03\/Destacat-blog-KOMTU-2-1.jpg","type":"image\/jpeg"}],"author":"Nous Cims","twitter_card":"summary_large_image","twitter_misc":{"Escrito por":"Nous Cims","Tiempo de lectura":"5 minutos"},"schema":{"@context":"https:\/\/schema.org","@graph":[{"@type":"Article","@id":"https:\/\/www.komtu.org\/es\/actualitat\/2021\/04\/06\/limites-con-el-amor-no-basta\/#article","isPartOf":{"@id":"https:\/\/www.komtu.org\/es\/actualitat\/2021\/04\/06\/limites-con-el-amor-no-basta\/"},"author":{"name":"Nous Cims","@id":"https:\/\/www.komtu.org\/es\/#\/schema\/person\/c49be7fd7667a36f1b39c1c5a2becf99"},"headline":"L\u00cdMITES. CON EL AMOR NO BASTA.","datePublished":"2021-04-06T08:37:56+00:00","dateModified":"2021-06-15T12:36:23+00:00","mainEntityOfPage":{"@id":"https:\/\/www.komtu.org\/es\/actualitat\/2021\/04\/06\/limites-con-el-amor-no-basta\/"},"wordCount":955,"commentCount":0,"image":{"@id":"https:\/\/www.komtu.org\/es\/actualitat\/2021\/04\/06\/limites-con-el-amor-no-basta\/#primaryimage"},"thumbnailUrl":"https:\/\/www.komtu.org\/wp-content\/uploads\/sites\/3\/2021\/03\/Destacat-blog-KOMTU-2-1.jpg","keywords":["aprender","Ense\u00f1ar","L\u00edmites"],"articleSection":["Actualitat"],"inLanguage":"es","potentialAction":[{"@type":"CommentAction","name":"Comment","target":["https:\/\/www.komtu.org\/es\/actualitat\/2021\/04\/06\/limites-con-el-amor-no-basta\/#respond"]}]},{"@type":"WebPage","@id":"https:\/\/www.komtu.org\/es\/actualitat\/2021\/04\/06\/limites-con-el-amor-no-basta\/","url":"https:\/\/www.komtu.org\/es\/actualitat\/2021\/04\/06\/limites-con-el-amor-no-basta\/","name":"L\u00cdMITES. CON EL AMOR NO BASTA. - Komtu","isPartOf":{"@id":"https:\/\/www.komtu.org\/es\/#website"},"primaryImageOfPage":{"@id":"https:\/\/www.komtu.org\/es\/actualitat\/2021\/04\/06\/limites-con-el-amor-no-basta\/#primaryimage"},"image":{"@id":"https:\/\/www.komtu.org\/es\/actualitat\/2021\/04\/06\/limites-con-el-amor-no-basta\/#primaryimage"},"thumbnailUrl":"https:\/\/www.komtu.org\/wp-content\/uploads\/sites\/3\/2021\/03\/Destacat-blog-KOMTU-2-1.jpg","datePublished":"2021-04-06T08:37:56+00:00","dateModified":"2021-06-15T12:36:23+00:00","author":{"@id":"https:\/\/www.komtu.org\/es\/#\/schema\/person\/c49be7fd7667a36f1b39c1c5a2becf99"},"description":"Cualquier persona que est\u00e9 educando, sabr\u00e1 que educar requiere atenci\u00f3n, dedicaci\u00f3n e inevitablemente el establecimiento de unos l\u00edmites.","breadcrumb":{"@id":"https:\/\/www.komtu.org\/es\/actualitat\/2021\/04\/06\/limites-con-el-amor-no-basta\/#breadcrumb"},"inLanguage":"es","potentialAction":[{"@type":"ReadAction","target":["https:\/\/www.komtu.org\/es\/actualitat\/2021\/04\/06\/limites-con-el-amor-no-basta\/"]}]},{"@type":"ImageObject","inLanguage":"es","@id":"https:\/\/www.komtu.org\/es\/actualitat\/2021\/04\/06\/limites-con-el-amor-no-basta\/#primaryimage","url":"https:\/\/www.komtu.org\/wp-content\/uploads\/sites\/3\/2021\/03\/Destacat-blog-KOMTU-2-1.jpg","contentUrl":"https:\/\/www.komtu.org\/wp-content\/uploads\/sites\/3\/2021\/03\/Destacat-blog-KOMTU-2-1.jpg","width":2240,"height":1260},{"@type":"BreadcrumbList","@id":"https:\/\/www.komtu.org\/es\/actualitat\/2021\/04\/06\/limites-con-el-amor-no-basta\/#breadcrumb","itemListElement":[{"@type":"ListItem","position":1,"name":"Portada","item":"https:\/\/www.komtu.org\/es\/"},{"@type":"ListItem","position":2,"name":"L\u00cdMITES. CON EL AMOR NO BASTA."}]},{"@type":"WebSite","@id":"https:\/\/www.komtu.org\/es\/#website","url":"https:\/\/www.komtu.org\/es\/","name":"Komtu","description":"Otro sitio m\u00e1s de Nous Cims sitios","potentialAction":[{"@type":"SearchAction","target":{"@type":"EntryPoint","urlTemplate":"https:\/\/www.komtu.org\/es\/?s={search_term_string}"},"query-input":{"@type":"PropertyValueSpecification","valueRequired":true,"valueName":"search_term_string"}}],"inLanguage":"es"},{"@type":"Person","@id":"https:\/\/www.komtu.org\/es\/#\/schema\/person\/c49be7fd7667a36f1b39c1c5a2becf99","name":"Nous Cims","image":{"@type":"ImageObject","inLanguage":"es","@id":"https:\/\/secure.gravatar.com\/avatar\/1dd42f1cafb4dfa67ddb690263b49eb6dd0b847386b5e1ee729643a318a2de73?s=96&d=mm&r=g","url":"https:\/\/secure.gravatar.com\/avatar\/1dd42f1cafb4dfa67ddb690263b49eb6dd0b847386b5e1ee729643a318a2de73?s=96&d=mm&r=g","contentUrl":"https:\/\/secure.gravatar.com\/avatar\/1dd42f1cafb4dfa67ddb690263b49eb6dd0b847386b5e1ee729643a318a2de73?s=96&d=mm&r=g","caption":"Nous Cims"},"url":"https:\/\/www.komtu.org\/es\/author\/edelcampo\/"}]}},"_links":{"self":[{"href":"https:\/\/www.komtu.org\/es\/wp-json\/wp\/v2\/posts\/1126","targetHints":{"allow":["GET"]}}],"collection":[{"href":"https:\/\/www.komtu.org\/es\/wp-json\/wp\/v2\/posts"}],"about":[{"href":"https:\/\/www.komtu.org\/es\/wp-json\/wp\/v2\/types\/post"}],"author":[{"embeddable":true,"href":"https:\/\/www.komtu.org\/es\/wp-json\/wp\/v2\/users\/2"}],"replies":[{"embeddable":true,"href":"https:\/\/www.komtu.org\/es\/wp-json\/wp\/v2\/comments?post=1126"}],"version-history":[{"count":1,"href":"https:\/\/www.komtu.org\/es\/wp-json\/wp\/v2\/posts\/1126\/revisions"}],"predecessor-version":[{"id":1127,"href":"https:\/\/www.komtu.org\/es\/wp-json\/wp\/v2\/posts\/1126\/revisions\/1127"}],"wp:featuredmedia":[{"embeddable":true,"href":"https:\/\/www.komtu.org\/es\/wp-json\/wp\/v2\/media\/1119"}],"wp:attachment":[{"href":"https:\/\/www.komtu.org\/es\/wp-json\/wp\/v2\/media?parent=1126"}],"wp:term":[{"taxonomy":"category","embeddable":true,"href":"https:\/\/www.komtu.org\/es\/wp-json\/wp\/v2\/categories?post=1126"},{"taxonomy":"post_tag","embeddable":true,"href":"https:\/\/www.komtu.org\/es\/wp-json\/wp\/v2\/tags?post=1126"}],"curies":[{"name":"wp","href":"https:\/\/api.w.org\/{rel}","templated":true}]}}