{"id":1044,"date":"2021-01-29T11:49:21","date_gmt":"2021-01-29T10:49:21","guid":{"rendered":"https:\/\/www.komtu.org\/2021\/01\/29\/mejorar-la-relacion-maestro-alumno-gracias-a-la-escucha-activa\/"},"modified":"2021-01-29T11:49:22","modified_gmt":"2021-01-29T10:49:22","slug":"mejorar-la-relacion-maestro-alumno-gracias-a-la-escucha-activa","status":"publish","type":"post","link":"https:\/\/www.komtu.org\/es\/actualitat\/2021\/01\/29\/mejorar-la-relacion-maestro-alumno-gracias-a-la-escucha-activa\/","title":{"rendered":"Mejorar la relaci\u00f3n maestro-alumno gracias a la escucha activa"},"content":{"rendered":"<div class=\"wpb-content-wrapper\"><p>[vc_row][vc_column width=\u00bb1\/1&#8243;][vc_column_text]El desarrollo del primer contacto entre dos personas es determinante para la receptividad que tendr\u00e1n en futuros encuentros. Uno de los aspectos m\u00e1s importantes para una primera interacci\u00f3n de calidad es la <strong>escucha activa<\/strong>.<\/p>\n<p>Varios estudios sobre educaci\u00f3n han llegado a la conclusi\u00f3n de que las personas adultas hablan m\u00e1s de lo que escuchan a los ni\u00f1os y ni\u00f1as. <strong>Para construir una relaci\u00f3n maestro-alumno de calidad y favorecer su acompa\u00f1amiento emocional, es necesario escuchar bien.<\/strong><\/p>\n<p>La escucha activa es extrapolable durante todo el acompa\u00f1amiento del ni\u00f1o, pero es imprescindible que sea desde un inicio de la relaci\u00f3n, cuando se empieza a construir el v\u00ednculo afectivo entre adulto\/a y ni\u00f1o\/a.[\/vc_column_text][\/vc_column][\/vc_row][vc_row][vc_column width=\u00bb1\/1&#8243;][vc_column_text]<\/p>\n<h4><span style=\"color: #33cccc\"><u>\u00bfQu\u00e9 entendemos por escucha activa?<\/u><\/span><\/h4>\n<p>Escuchar activamente es mucho m\u00e1s que dejar de hablar. Escuchar bien no es adoptar una actitud pasiva, sino que significa:<\/p>\n<ul>\n<li>Dar espacio para la expresi\u00f3n de ni\u00f1os y ni\u00f1as.<\/li>\n<li>Tener paciencia, no juzgar y dejar de lado los prejuicios.<\/li>\n<li>Eliminar posibles distracciones.<\/li>\n<li>Estar presente y prestar atenci\u00f3n a la persona que nos habla.<\/li>\n<li>Mostrar inter\u00e9s real por lo que nos comunican.<\/li>\n<li>Interactuar adecuadamente, haciendo saber que escuchamos y entendemos el mensaje, as\u00ed como hacer preguntas abiertas.<\/li>\n<li>Transmitir feedback sobre el mensaje a trav\u00e9s de la mirada y el lenguaje no verbal.<\/li>\n<\/ul>\n<p>[\/vc_column_text][\/vc_column][\/vc_row][vc_row][vc_column width=\u00bb1\/1&#8243;][vc_column_text]<\/p>\n<h4><span style=\"color: #33cccc\"><u>Beneficios de escuchar bien<\/u><\/span><\/h4>\n<p>Escuchar activamente cuando interactuamos con ni\u00f1os favorece una relaci\u00f3n positiva, que se abran e interaccionen. Algunos de los beneficios que puede aportar son:<\/p>\n<ul>\n<li>Transmitir confianza y respeto.<\/li>\n<li>Propiciar una comunicaci\u00f3n abierta y honesta.<\/li>\n<li>Hacer sentir valorada a la persona con la que hablamos.<\/li>\n<li>Tranquilizar y eliminar posibles tensiones.<\/li>\n<li>Detectar y analizar problemas con m\u00e1s facilidad.<\/li>\n<\/ul>\n<p>[\/vc_column_text][\/vc_column][\/vc_row][vc_row][vc_column width=\u00bb1\/1&#8243;][vc_column_text]<\/p>\n<h4><span style=\"color: #33cccc\"><u>Recursos para profundizar m\u00e1s<\/u><\/span><\/h4>\n<ul>\n<li><a href=\"https:\/\/edubarometre.cat\/eines_per_educar\/els-quatre-pilars-de-lescolta-activa\/\">Els quatre pilars de l\u2019escolta<\/a> activa (Edubarometre \u2013 Fundaci\u00f3 Jaume Bofill)<\/li>\n<li><a href=\"https:\/\/www.educat.cat\/blog\/escolta-activa\/\">L\u2019escolta<\/a> activa (Blog Educat)<\/li>\n<li><a href=\"https:\/\/natibergada.cat\/estrategies-per-potenciar-la-comunicacio-dins-laula\/\">Estrat\u00e8gies per potenciar la comunicaci\u00f3 dins l\u2019aula<\/a> (Nati Bergad\u00e0)<\/li>\n<li>Escucha <a href=\"http:\/\/www.eduforics.com\/es\/escucha-activa-elemento-clave-la-comunicacion-las-metodologias-activas\/\">activa: elemento clave de la comunicaci\u00f3n<\/a> (EDUforics)<\/li>\n<\/ul>\n<p>[\/vc_column_text][\/vc_column][\/vc_row][vc_row][vc_column width=\u00bb1\/1&#8243;][vc_column_text]<\/p>\n<h4><span style=\"color: #33cccc\"><u>Programa Komt\u00fc<\/u><\/span><\/h4>\n<p><strong><a href=\"https:\/\/www.komtu.org\/es\/\">Komt\u00fc<\/a>\u00a0es un programa para la mejora de la salud emocional y relacional en centros educativos.<\/strong> Un modelo integral que involucra a toda la comunidad educativa para ayudar a las escuelas a crear entornos positivos de acompa\u00f1amiento al alumnado y tratar las necesidades de los ni\u00f1os con dificultades. Entre otros, damos herramientas para mejorar la comunicaci\u00f3n, y poner en pr\u00e1ctica y potenciar la escucha activa.<\/p>\n<p>Descubre el viaje Komt\u00fc en este <a href=\"https:\/\/www.komtu.org\/wp-content\/uploads\/sites\/3\/2020\/07\/Komtu_cataleg_docents.pdf\"><strong>enlace<\/strong><\/a>.[\/vc_column_text][\/vc_column][\/vc_row]<\/p>\n<\/div>","protected":false},"excerpt":{"rendered":"<p>El desarrollo del primer contacto entre dos personas es determinante para la receptividad que tendr\u00e1n en futuros encuentros. Uno [&hellip;]<\/p>\n","protected":false},"author":2,"featured_media":1036,"comment_status":"open","ping_status":"open","sticky":false,"template":"","format":"standard","meta":{"footnotes":""},"categories":[1],"tags":[32,35,31,30,40,34,28,38,33,39,37,29,36],"class_list":["post-1044","post","type-post","status-publish","format-standard","has-post-thumbnail","hentry","category-actualitat","tag-bienestar-emocional","tag-educacion","tag-encuentro","tag-escucha-activa","tag-escuchar","tag-escuela","tag-komtu-es","tag-maestro","tag-ninos","tag-ninos-y-ninas","tag-profesor","tag-programa-komtu-es","tag-salud-mental"],"yoast_head":"<!-- This site is optimized with the Yoast SEO plugin v27.4 - https:\/\/yoast.com\/product\/yoast-seo-wordpress\/ -->\n<title>Mejorar la relaci\u00f3n maestro-alumno gracias a la escucha activa - Komtu<\/title>\n<meta name=\"description\" content=\"Aprende a mejorar la relaci\u00f3n entre mestros y alumnos, y su acompa\u00f1amiento emocional a trav\u00e9s del recurso de la escucha activa.\" \/>\n<meta name=\"robots\" content=\"index, follow, max-snippet:-1, max-image-preview:large, max-video-preview:-1\" \/>\n<link rel=\"canonical\" href=\"https:\/\/www.komtu.org\/es\/actualitat\/2021\/01\/29\/mejorar-la-relacion-maestro-alumno-gracias-a-la-escucha-activa\/\" \/>\n<meta property=\"og:locale\" content=\"es_ES\" \/>\n<meta property=\"og:type\" content=\"article\" \/>\n<meta property=\"og:title\" content=\"Mejorar la relaci\u00f3n maestro-alumno gracias a la escucha activa - Komtu\" \/>\n<meta property=\"og:description\" content=\"Aprende a mejorar la relaci\u00f3n entre mestros y alumnos, y su acompa\u00f1amiento emocional a trav\u00e9s del recurso de la escucha activa.\" \/>\n<meta property=\"og:url\" content=\"https:\/\/www.komtu.org\/es\/actualitat\/2021\/01\/29\/mejorar-la-relacion-maestro-alumno-gracias-a-la-escucha-activa\/\" \/>\n<meta property=\"og:site_name\" content=\"Komtu\" \/>\n<meta property=\"article:published_time\" content=\"2021-01-29T10:49:21+00:00\" \/>\n<meta property=\"article:modified_time\" content=\"2021-01-29T10:49:22+00:00\" \/>\n<meta property=\"og:image\" content=\"https:\/\/www.komtu.org\/wp-content\/uploads\/sites\/3\/2021\/01\/Destacat-blog-KOMTU-1024x576.jpg\" \/>\n\t<meta property=\"og:image:width\" content=\"1024\" \/>\n\t<meta property=\"og:image:height\" content=\"576\" \/>\n\t<meta property=\"og:image:type\" content=\"image\/jpeg\" \/>\n<meta name=\"author\" content=\"Nous Cims\" \/>\n<meta name=\"twitter:card\" content=\"summary_large_image\" \/>\n<meta name=\"twitter:label1\" content=\"Escrito por\" \/>\n\t<meta name=\"twitter:data1\" content=\"Nous Cims\" \/>\n\t<meta name=\"twitter:label2\" content=\"Tiempo de lectura\" \/>\n\t<meta name=\"twitter:data2\" content=\"2 minutos\" \/>\n<script type=\"application\/ld+json\" class=\"yoast-schema-graph\">{\"@context\":\"https:\\\/\\\/schema.org\",\"@graph\":[{\"@type\":\"Article\",\"@id\":\"https:\\\/\\\/www.komtu.org\\\/es\\\/actualitat\\\/2021\\\/01\\\/29\\\/mejorar-la-relacion-maestro-alumno-gracias-a-la-escucha-activa\\\/#article\",\"isPartOf\":{\"@id\":\"https:\\\/\\\/www.komtu.org\\\/es\\\/actualitat\\\/2021\\\/01\\\/29\\\/mejorar-la-relacion-maestro-alumno-gracias-a-la-escucha-activa\\\/\"},\"author\":{\"name\":\"Nous Cims\",\"@id\":\"https:\\\/\\\/www.komtu.org\\\/es\\\/#\\\/schema\\\/person\\\/c49be7fd7667a36f1b39c1c5a2becf99\"},\"headline\":\"Mejorar la relaci\u00f3n maestro-alumno gracias a la escucha activa\",\"datePublished\":\"2021-01-29T10:49:21+00:00\",\"dateModified\":\"2021-01-29T10:49:22+00:00\",\"mainEntityOfPage\":{\"@id\":\"https:\\\/\\\/www.komtu.org\\\/es\\\/actualitat\\\/2021\\\/01\\\/29\\\/mejorar-la-relacion-maestro-alumno-gracias-a-la-escucha-activa\\\/\"},\"wordCount\":496,\"commentCount\":0,\"image\":{\"@id\":\"https:\\\/\\\/www.komtu.org\\\/es\\\/actualitat\\\/2021\\\/01\\\/29\\\/mejorar-la-relacion-maestro-alumno-gracias-a-la-escucha-activa\\\/#primaryimage\"},\"thumbnailUrl\":\"https:\\\/\\\/www.komtu.org\\\/wp-content\\\/uploads\\\/sites\\\/3\\\/2021\\\/01\\\/Destacat-blog-KOMTU.jpg\",\"keywords\":[\"Bienestar emocional\",\"Educaci\u00f3n\",\"Encuentro\",\"Escucha activa\",\"Escuchar\",\"Escuela\",\"Komtu\",\"Maestro\",\"Ni\u00f1os\",\"Ni\u00f1os y ni\u00f1as\",\"Profesor\",\"Programa Komtu\",\"Salud Mental\"],\"articleSection\":[\"Actualitat\"],\"inLanguage\":\"es\",\"potentialAction\":[{\"@type\":\"CommentAction\",\"name\":\"Comment\",\"target\":[\"https:\\\/\\\/www.komtu.org\\\/es\\\/actualitat\\\/2021\\\/01\\\/29\\\/mejorar-la-relacion-maestro-alumno-gracias-a-la-escucha-activa\\\/#respond\"]}]},{\"@type\":\"WebPage\",\"@id\":\"https:\\\/\\\/www.komtu.org\\\/es\\\/actualitat\\\/2021\\\/01\\\/29\\\/mejorar-la-relacion-maestro-alumno-gracias-a-la-escucha-activa\\\/\",\"url\":\"https:\\\/\\\/www.komtu.org\\\/es\\\/actualitat\\\/2021\\\/01\\\/29\\\/mejorar-la-relacion-maestro-alumno-gracias-a-la-escucha-activa\\\/\",\"name\":\"Mejorar la relaci\u00f3n maestro-alumno gracias a la escucha activa - Komtu\",\"isPartOf\":{\"@id\":\"https:\\\/\\\/www.komtu.org\\\/es\\\/#website\"},\"primaryImageOfPage\":{\"@id\":\"https:\\\/\\\/www.komtu.org\\\/es\\\/actualitat\\\/2021\\\/01\\\/29\\\/mejorar-la-relacion-maestro-alumno-gracias-a-la-escucha-activa\\\/#primaryimage\"},\"image\":{\"@id\":\"https:\\\/\\\/www.komtu.org\\\/es\\\/actualitat\\\/2021\\\/01\\\/29\\\/mejorar-la-relacion-maestro-alumno-gracias-a-la-escucha-activa\\\/#primaryimage\"},\"thumbnailUrl\":\"https:\\\/\\\/www.komtu.org\\\/wp-content\\\/uploads\\\/sites\\\/3\\\/2021\\\/01\\\/Destacat-blog-KOMTU.jpg\",\"datePublished\":\"2021-01-29T10:49:21+00:00\",\"dateModified\":\"2021-01-29T10:49:22+00:00\",\"author\":{\"@id\":\"https:\\\/\\\/www.komtu.org\\\/es\\\/#\\\/schema\\\/person\\\/c49be7fd7667a36f1b39c1c5a2becf99\"},\"description\":\"Aprende a mejorar la relaci\u00f3n entre mestros y alumnos, y su acompa\u00f1amiento emocional a trav\u00e9s del recurso de la escucha activa.\",\"breadcrumb\":{\"@id\":\"https:\\\/\\\/www.komtu.org\\\/es\\\/actualitat\\\/2021\\\/01\\\/29\\\/mejorar-la-relacion-maestro-alumno-gracias-a-la-escucha-activa\\\/#breadcrumb\"},\"inLanguage\":\"es\",\"potentialAction\":[{\"@type\":\"ReadAction\",\"target\":[\"https:\\\/\\\/www.komtu.org\\\/es\\\/actualitat\\\/2021\\\/01\\\/29\\\/mejorar-la-relacion-maestro-alumno-gracias-a-la-escucha-activa\\\/\"]}]},{\"@type\":\"ImageObject\",\"inLanguage\":\"es\",\"@id\":\"https:\\\/\\\/www.komtu.org\\\/es\\\/actualitat\\\/2021\\\/01\\\/29\\\/mejorar-la-relacion-maestro-alumno-gracias-a-la-escucha-activa\\\/#primaryimage\",\"url\":\"https:\\\/\\\/www.komtu.org\\\/wp-content\\\/uploads\\\/sites\\\/3\\\/2021\\\/01\\\/Destacat-blog-KOMTU.jpg\",\"contentUrl\":\"https:\\\/\\\/www.komtu.org\\\/wp-content\\\/uploads\\\/sites\\\/3\\\/2021\\\/01\\\/Destacat-blog-KOMTU.jpg\",\"width\":2240,\"height\":1260,\"caption\":\"Millorar la relaci\u00f3 mestre-alumne\"},{\"@type\":\"BreadcrumbList\",\"@id\":\"https:\\\/\\\/www.komtu.org\\\/es\\\/actualitat\\\/2021\\\/01\\\/29\\\/mejorar-la-relacion-maestro-alumno-gracias-a-la-escucha-activa\\\/#breadcrumb\",\"itemListElement\":[{\"@type\":\"ListItem\",\"position\":1,\"name\":\"Portada\",\"item\":\"https:\\\/\\\/www.komtu.org\\\/es\\\/\"},{\"@type\":\"ListItem\",\"position\":2,\"name\":\"Mejorar la relaci\u00f3n maestro-alumno gracias a la escucha activa\"}]},{\"@type\":\"WebSite\",\"@id\":\"https:\\\/\\\/www.komtu.org\\\/es\\\/#website\",\"url\":\"https:\\\/\\\/www.komtu.org\\\/es\\\/\",\"name\":\"Komtu\",\"description\":\"Otro sitio m\u00e1s de Nous Cims sitios\",\"potentialAction\":[{\"@type\":\"SearchAction\",\"target\":{\"@type\":\"EntryPoint\",\"urlTemplate\":\"https:\\\/\\\/www.komtu.org\\\/es\\\/?s={search_term_string}\"},\"query-input\":{\"@type\":\"PropertyValueSpecification\",\"valueRequired\":true,\"valueName\":\"search_term_string\"}}],\"inLanguage\":\"es\"},{\"@type\":\"Person\",\"@id\":\"https:\\\/\\\/www.komtu.org\\\/es\\\/#\\\/schema\\\/person\\\/c49be7fd7667a36f1b39c1c5a2becf99\",\"name\":\"Nous Cims\",\"image\":{\"@type\":\"ImageObject\",\"inLanguage\":\"es\",\"@id\":\"https:\\\/\\\/secure.gravatar.com\\\/avatar\\\/1dd42f1cafb4dfa67ddb690263b49eb6dd0b847386b5e1ee729643a318a2de73?s=96&d=mm&r=g\",\"url\":\"https:\\\/\\\/secure.gravatar.com\\\/avatar\\\/1dd42f1cafb4dfa67ddb690263b49eb6dd0b847386b5e1ee729643a318a2de73?s=96&d=mm&r=g\",\"contentUrl\":\"https:\\\/\\\/secure.gravatar.com\\\/avatar\\\/1dd42f1cafb4dfa67ddb690263b49eb6dd0b847386b5e1ee729643a318a2de73?s=96&d=mm&r=g\",\"caption\":\"Nous Cims\"},\"url\":\"https:\\\/\\\/www.komtu.org\\\/es\\\/author\\\/edelcampo\\\/\"}]}<\/script>\n<!-- \/ Yoast SEO plugin. -->","yoast_head_json":{"title":"Mejorar la relaci\u00f3n maestro-alumno gracias a la escucha activa - Komtu","description":"Aprende a mejorar la relaci\u00f3n entre mestros y alumnos, y su acompa\u00f1amiento emocional a trav\u00e9s del recurso de la escucha activa.","robots":{"index":"index","follow":"follow","max-snippet":"max-snippet:-1","max-image-preview":"max-image-preview:large","max-video-preview":"max-video-preview:-1"},"canonical":"https:\/\/www.komtu.org\/es\/actualitat\/2021\/01\/29\/mejorar-la-relacion-maestro-alumno-gracias-a-la-escucha-activa\/","og_locale":"es_ES","og_type":"article","og_title":"Mejorar la relaci\u00f3n maestro-alumno gracias a la escucha activa - Komtu","og_description":"Aprende a mejorar la relaci\u00f3n entre mestros y alumnos, y su acompa\u00f1amiento emocional a trav\u00e9s del recurso de la escucha activa.","og_url":"https:\/\/www.komtu.org\/es\/actualitat\/2021\/01\/29\/mejorar-la-relacion-maestro-alumno-gracias-a-la-escucha-activa\/","og_site_name":"Komtu","article_published_time":"2021-01-29T10:49:21+00:00","article_modified_time":"2021-01-29T10:49:22+00:00","og_image":[{"width":1024,"height":576,"url":"https:\/\/www.komtu.org\/wp-content\/uploads\/sites\/3\/2021\/01\/Destacat-blog-KOMTU-1024x576.jpg","type":"image\/jpeg"}],"author":"Nous Cims","twitter_card":"summary_large_image","twitter_misc":{"Escrito por":"Nous Cims","Tiempo de lectura":"2 minutos"},"schema":{"@context":"https:\/\/schema.org","@graph":[{"@type":"Article","@id":"https:\/\/www.komtu.org\/es\/actualitat\/2021\/01\/29\/mejorar-la-relacion-maestro-alumno-gracias-a-la-escucha-activa\/#article","isPartOf":{"@id":"https:\/\/www.komtu.org\/es\/actualitat\/2021\/01\/29\/mejorar-la-relacion-maestro-alumno-gracias-a-la-escucha-activa\/"},"author":{"name":"Nous Cims","@id":"https:\/\/www.komtu.org\/es\/#\/schema\/person\/c49be7fd7667a36f1b39c1c5a2becf99"},"headline":"Mejorar la relaci\u00f3n maestro-alumno gracias a la escucha activa","datePublished":"2021-01-29T10:49:21+00:00","dateModified":"2021-01-29T10:49:22+00:00","mainEntityOfPage":{"@id":"https:\/\/www.komtu.org\/es\/actualitat\/2021\/01\/29\/mejorar-la-relacion-maestro-alumno-gracias-a-la-escucha-activa\/"},"wordCount":496,"commentCount":0,"image":{"@id":"https:\/\/www.komtu.org\/es\/actualitat\/2021\/01\/29\/mejorar-la-relacion-maestro-alumno-gracias-a-la-escucha-activa\/#primaryimage"},"thumbnailUrl":"https:\/\/www.komtu.org\/wp-content\/uploads\/sites\/3\/2021\/01\/Destacat-blog-KOMTU.jpg","keywords":["Bienestar emocional","Educaci\u00f3n","Encuentro","Escucha activa","Escuchar","Escuela","Komtu","Maestro","Ni\u00f1os","Ni\u00f1os y ni\u00f1as","Profesor","Programa Komtu","Salud Mental"],"articleSection":["Actualitat"],"inLanguage":"es","potentialAction":[{"@type":"CommentAction","name":"Comment","target":["https:\/\/www.komtu.org\/es\/actualitat\/2021\/01\/29\/mejorar-la-relacion-maestro-alumno-gracias-a-la-escucha-activa\/#respond"]}]},{"@type":"WebPage","@id":"https:\/\/www.komtu.org\/es\/actualitat\/2021\/01\/29\/mejorar-la-relacion-maestro-alumno-gracias-a-la-escucha-activa\/","url":"https:\/\/www.komtu.org\/es\/actualitat\/2021\/01\/29\/mejorar-la-relacion-maestro-alumno-gracias-a-la-escucha-activa\/","name":"Mejorar la relaci\u00f3n maestro-alumno gracias a la escucha activa - Komtu","isPartOf":{"@id":"https:\/\/www.komtu.org\/es\/#website"},"primaryImageOfPage":{"@id":"https:\/\/www.komtu.org\/es\/actualitat\/2021\/01\/29\/mejorar-la-relacion-maestro-alumno-gracias-a-la-escucha-activa\/#primaryimage"},"image":{"@id":"https:\/\/www.komtu.org\/es\/actualitat\/2021\/01\/29\/mejorar-la-relacion-maestro-alumno-gracias-a-la-escucha-activa\/#primaryimage"},"thumbnailUrl":"https:\/\/www.komtu.org\/wp-content\/uploads\/sites\/3\/2021\/01\/Destacat-blog-KOMTU.jpg","datePublished":"2021-01-29T10:49:21+00:00","dateModified":"2021-01-29T10:49:22+00:00","author":{"@id":"https:\/\/www.komtu.org\/es\/#\/schema\/person\/c49be7fd7667a36f1b39c1c5a2becf99"},"description":"Aprende a mejorar la relaci\u00f3n entre mestros y alumnos, y su acompa\u00f1amiento emocional a trav\u00e9s del recurso de la escucha activa.","breadcrumb":{"@id":"https:\/\/www.komtu.org\/es\/actualitat\/2021\/01\/29\/mejorar-la-relacion-maestro-alumno-gracias-a-la-escucha-activa\/#breadcrumb"},"inLanguage":"es","potentialAction":[{"@type":"ReadAction","target":["https:\/\/www.komtu.org\/es\/actualitat\/2021\/01\/29\/mejorar-la-relacion-maestro-alumno-gracias-a-la-escucha-activa\/"]}]},{"@type":"ImageObject","inLanguage":"es","@id":"https:\/\/www.komtu.org\/es\/actualitat\/2021\/01\/29\/mejorar-la-relacion-maestro-alumno-gracias-a-la-escucha-activa\/#primaryimage","url":"https:\/\/www.komtu.org\/wp-content\/uploads\/sites\/3\/2021\/01\/Destacat-blog-KOMTU.jpg","contentUrl":"https:\/\/www.komtu.org\/wp-content\/uploads\/sites\/3\/2021\/01\/Destacat-blog-KOMTU.jpg","width":2240,"height":1260,"caption":"Millorar la relaci\u00f3 mestre-alumne"},{"@type":"BreadcrumbList","@id":"https:\/\/www.komtu.org\/es\/actualitat\/2021\/01\/29\/mejorar-la-relacion-maestro-alumno-gracias-a-la-escucha-activa\/#breadcrumb","itemListElement":[{"@type":"ListItem","position":1,"name":"Portada","item":"https:\/\/www.komtu.org\/es\/"},{"@type":"ListItem","position":2,"name":"Mejorar la relaci\u00f3n maestro-alumno gracias a la escucha activa"}]},{"@type":"WebSite","@id":"https:\/\/www.komtu.org\/es\/#website","url":"https:\/\/www.komtu.org\/es\/","name":"Komtu","description":"Otro sitio m\u00e1s de Nous Cims sitios","potentialAction":[{"@type":"SearchAction","target":{"@type":"EntryPoint","urlTemplate":"https:\/\/www.komtu.org\/es\/?s={search_term_string}"},"query-input":{"@type":"PropertyValueSpecification","valueRequired":true,"valueName":"search_term_string"}}],"inLanguage":"es"},{"@type":"Person","@id":"https:\/\/www.komtu.org\/es\/#\/schema\/person\/c49be7fd7667a36f1b39c1c5a2becf99","name":"Nous Cims","image":{"@type":"ImageObject","inLanguage":"es","@id":"https:\/\/secure.gravatar.com\/avatar\/1dd42f1cafb4dfa67ddb690263b49eb6dd0b847386b5e1ee729643a318a2de73?s=96&d=mm&r=g","url":"https:\/\/secure.gravatar.com\/avatar\/1dd42f1cafb4dfa67ddb690263b49eb6dd0b847386b5e1ee729643a318a2de73?s=96&d=mm&r=g","contentUrl":"https:\/\/secure.gravatar.com\/avatar\/1dd42f1cafb4dfa67ddb690263b49eb6dd0b847386b5e1ee729643a318a2de73?s=96&d=mm&r=g","caption":"Nous Cims"},"url":"https:\/\/www.komtu.org\/es\/author\/edelcampo\/"}]}},"_links":{"self":[{"href":"https:\/\/www.komtu.org\/es\/wp-json\/wp\/v2\/posts\/1044","targetHints":{"allow":["GET"]}}],"collection":[{"href":"https:\/\/www.komtu.org\/es\/wp-json\/wp\/v2\/posts"}],"about":[{"href":"https:\/\/www.komtu.org\/es\/wp-json\/wp\/v2\/types\/post"}],"author":[{"embeddable":true,"href":"https:\/\/www.komtu.org\/es\/wp-json\/wp\/v2\/users\/2"}],"replies":[{"embeddable":true,"href":"https:\/\/www.komtu.org\/es\/wp-json\/wp\/v2\/comments?post=1044"}],"version-history":[{"count":1,"href":"https:\/\/www.komtu.org\/es\/wp-json\/wp\/v2\/posts\/1044\/revisions"}],"predecessor-version":[{"id":1045,"href":"https:\/\/www.komtu.org\/es\/wp-json\/wp\/v2\/posts\/1044\/revisions\/1045"}],"wp:featuredmedia":[{"embeddable":true,"href":"https:\/\/www.komtu.org\/es\/wp-json\/wp\/v2\/media\/1036"}],"wp:attachment":[{"href":"https:\/\/www.komtu.org\/es\/wp-json\/wp\/v2\/media?parent=1044"}],"wp:term":[{"taxonomy":"category","embeddable":true,"href":"https:\/\/www.komtu.org\/es\/wp-json\/wp\/v2\/categories?post=1044"},{"taxonomy":"post_tag","embeddable":true,"href":"https:\/\/www.komtu.org\/es\/wp-json\/wp\/v2\/tags?post=1044"}],"curies":[{"name":"wp","href":"https:\/\/api.w.org\/{rel}","templated":true}]}}